{"id":143269,"date":"2014-01-29T12:44:47","date_gmt":"2014-01-29T16:44:47","guid":{"rendered":"https:\/\/www.noticel.com\/mundo\/20140129\/celac-declara-america-latina-y-el-caribe-como-una-zona-de-paz\/"},"modified":"2025-08-22T15:11:12","modified_gmt":"2025-08-22T15:11:12","slug":"celac-declara-america-latina-y-el-caribe-como-una-zona-de-paz","status":"publish","type":"post","link":"https:\/\/noticel.com\/en\/noticias\/mundo\/20140129\/celac-declara-america-latina-y-el-caribe-como-una-zona-de-paz\/","title":{"rendered":"Celac declara Am\u00e9rica Latina y el Caribe como una zona de paz"},"content":{"rendered":"<p>La Comunidad de Estados Latinoamericanos y Caribe\u00f1os (Celac) declar\u00f3 la regi\u00f3n como una zona de paz, anunci\u00f3 hoy el presidente cubano, Ra\u00fal Castro, al reanudar la sesi\u00f3n plenaria de la segunda cumbre del bloque en La Habana.<\/p><div class=\"notic-content-middle\" id=\"notic-144886296\"><div class=\"notic-adlabel\">Advertisements<\/div><a data-no-instant=\"1\" href=\"https:\/\/qrco.de\/bgxd5v\" rel=\"noopener\" class=\"a2t-link\" target=\"_blank\" aria-label=\"DisplayAd-970&#215;90\"><img loading=\"lazy\" decoding=\"async\" src=\"https:\/\/cdn.noticel.com\/2026\/09\/02195840\/DisplayAd-970x90-1.jpg\" alt=\"\"  srcset=\"https:\/\/cdn.noticel.com\/2026\/09\/02195840\/DisplayAd-970x90-1.jpg 970w, https:\/\/cdn.noticel.com\/2026\/09\/02195840\/DisplayAd-970x90-1-300x28.jpg 300w, https:\/\/cdn.noticel.com\/2026\/09\/02195840\/DisplayAd-970x90-1-768x71.jpg 768w, https:\/\/cdn.noticel.com\/2026\/09\/02195840\/DisplayAd-970x90-1-18x2.jpg 18w\" sizes=\"(max-width: 970px) 100vw, 970px\" width=\"970\" height=\"90\"   \/><\/a><\/div>\n<p>Castro ley\u00f3 el texto completo de la declaraci\u00f3n, en el que la regi\u00f3n se compromete a resolver de manera pac\u00edfica las controversias y a cumplir su &#8216;obligaci\u00f3n&#8217; de &#8216;no intervenir directa o indirectamente en los asuntos internos&#8217; de otros Estados.<\/p>","protected":false},"excerpt":{"rendered":"<p>La Comunidad de Estados Latinoamericanos y Caribe\u00f1os (Celac) declar\u00f3 la regi\u00f3n como una zona de paz, anunci\u00f3 hoy el presidente cubano, Ra\u00fal Castro, al reanudar la sesi\u00f3n plenaria de la segunda cumbre del bloque en La Habana. Castro ley\u00f3 el texto completo de la declaraci\u00f3n, en el que la regi\u00f3n se compromete a resolver de [&hellip;]<\/p>","protected":false},"author":0,"featured_media":891881,"comment_status":"closed","ping_status":"closed","sticky":false,"template":"","format":"standard","meta":{"_acf_changed":false,"_monsterinsights_skip_tracking":false,"ep_exclude_from_search":false,"footnotes":""},"categories":[17],"tags":[],"class_list":["post-143269","post","type-post","status-publish","format-standard","has-post-thumbnail","hentry","category-mundo"],"acf":[],"aioseo_notices":[],"_links":{"self":[{"href":"https:\/\/noticel.com\/en\/wp-json\/wp\/v2\/posts\/143269","targetHints":{"allow":["GET"]}}],"collection":[{"href":"https:\/\/noticel.com\/en\/wp-json\/wp\/v2\/posts"}],"about":[{"href":"https:\/\/noticel.com\/en\/wp-json\/wp\/v2\/types\/post"}],"replies":[{"embeddable":true,"href":"https:\/\/noticel.com\/en\/wp-json\/wp\/v2\/comments?post=143269"}],"version-history":[{"count":1,"href":"https:\/\/noticel.com\/en\/wp-json\/wp\/v2\/posts\/143269\/revisions"}],"predecessor-version":[{"id":891920,"href":"https:\/\/noticel.com\/en\/wp-json\/wp\/v2\/posts\/143269\/revisions\/891920"}],"wp:featuredmedia":[{"embeddable":true,"href":"https:\/\/noticel.com\/en\/wp-json\/wp\/v2\/media\/891881"}],"wp:attachment":[{"href":"https:\/\/noticel.com\/en\/wp-json\/wp\/v2\/media?parent=143269"}],"wp:term":[{"taxonomy":"category","embeddable":true,"href":"https:\/\/noticel.com\/en\/wp-json\/wp\/v2\/categories?post=143269"},{"taxonomy":"post_tag","embeddable":true,"href":"https:\/\/noticel.com\/en\/wp-json\/wp\/v2\/tags?post=143269"}],"curies":[{"name":"wp","href":"https:\/\/api.w.org\/{rel}","templated":true}]}}