{"id":142614,"date":"2014-06-02T13:00:34","date_gmt":"2014-06-02T17:00:34","guid":{"rendered":"https:\/\/www.noticel.com\/mundo\/20140602\/combates-en-ucrania-llegan-a-la-frontera-con-rusia\/"},"modified":"2025-08-19T05:06:18","modified_gmt":"2025-08-19T05:06:18","slug":"combates-en-ucrania-llegan-a-la-frontera-con-rusia","status":"publish","type":"post","link":"https:\/\/noticel.com\/en\/noticias\/mundo\/20140602\/combates-en-ucrania-llegan-a-la-frontera-con-rusia\/","title":{"rendered":"Combates en Ucrania llegan a la frontera con Rusia"},"content":{"rendered":"<p>Los combates entre fuerzas gubernamentales e insurgentes prorrusos en Ucrania llegaron hoy a la frontera con Rusia cuando un grupo de milicianos rebeldes atac\u00f3 un puesto de la guardia fronteriza.<\/p>\n<p>Seg\u00fan el Servicio de Guardafronteras de Ucrania, cerca de medio millar de rebeldes atacaron durante la madrugada la comandancia situada en la ciudad de Lugansk, a pocos kil\u00f3metros de la frontera.<\/p>\n<p>Al menos cinco asaltantes murieron, mientras varios guardias fronterizos resultaron heridos en los combates, que se prolongaron durante casi toda la jornada, con breves treguas para evacuar a los heridos.<\/p>\n<p>El ataque tom\u00f3 desprevenidos a los guardias fronterizos, que esperaron en vano toda la jornada la llegada de refuerzos, aunque repelieron una y otra vez los golpes de los rebeldes, quienes contaban con lanzagranadas, morteros y bazocas.<\/p>\n<p>Seg\u00fan la agencia oficial rusa RIA-N\u00f3vosti, una decena de reservistas ucranianos llamados recientemente a filas se rindieron a los prorrusos.<\/p>\n<p>Los milicianos informaron en un comunicado de que, debido a los combates, la poblaci\u00f3n civil de la zona, en la periferia de la capital y junto a la frontera rusa, tuvo que ser evacuada.<\/p>\n<p>Los dirigentes de la &#8216;rep\u00fablica popular de Lugansk&#8217;, que proclam\u00f3 su independencia el pasado 12 de mayo tras celebrar un refer\u00e9ndum separatista, dijeron hoy que su intenci\u00f3n es liberar la frontera con la Federaci\u00f3n Rusa, en la que querr\u00edan integrarse.<\/p>\n<p>&#8216;Este era uno de nuestros planes y ahora estamos llev\u00e1ndolo a la pr\u00e1ctica. Estamos liberando nuestra tierra&#8217;, asegur\u00f3 Valeri Bol\u00f3tov, l\u00edder separatista en Lugansk.<\/p>\n<p>En respuesta, el Gobierno de Kiev recurri\u00f3 a la aviaci\u00f3n para dispersar a los rebeldes por medio de un ataque desde el aire que destruy\u00f3 dos posiciones de morteros rebeldes, aunque seguidamente los insurgentes reanudaron el asalto.<\/p>\n<p>Al parecer, seg\u00fan fuentes insurgentes citadas por las agencias rusas, la aviaci\u00f3n atac\u00f3 tambi\u00e9n el edificio del Gobierno regional en el centro de Lugansk, donde murieron cinco personas y hubo varios heridos graves, aunque s\u00f3lo dos bajas mortales han sido confirmadas por los servicios sanitarios.<\/p>\n<p>&#8216;En el ataque contra el edificio gubernamental muri\u00f3 la ministra de Sanidad, Natalia Arj\u00edpova&#8217;, aseguraron los separatistas en un comunicado.<\/p>\n<p>Seg\u00fan el corresponsal de RIA-N\u00f3vosti, el ataque a\u00e9reo dej\u00f3 &#8216;muchos muertos y heridos&#8217; y provoc\u00f3 un incendio en el inmueble, cuya fachada qued\u00f3 &#8216;seriamente da\u00f1ada&#8217;.<\/p><div class=\"notic-content-middle\" id=\"notic-1613042141\"><div class=\"notic-adlabel\">Advertisements<\/div><a data-no-instant=\"1\" href=\"https:\/\/qrco.de\/bgxd5v\" rel=\"noopener\" class=\"a2t-link\" target=\"_blank\" aria-label=\"DisplayAd-970&#215;902\"><img loading=\"lazy\" decoding=\"async\" src=\"https:\/\/cdn.noticel.com\/2026\/09\/02200210\/DisplayAd-970x902-1.jpg\" alt=\"\"  srcset=\"https:\/\/cdn.noticel.com\/2026\/09\/02200210\/DisplayAd-970x902-1.jpg 970w, https:\/\/cdn.noticel.com\/2026\/09\/02200210\/DisplayAd-970x902-1-300x28.jpg 300w, https:\/\/cdn.noticel.com\/2026\/09\/02200210\/DisplayAd-970x902-1-768x71.jpg 768w, https:\/\/cdn.noticel.com\/2026\/09\/02200210\/DisplayAd-970x902-1-18x2.jpg 18w\" sizes=\"(max-width: 970px) 100vw, 970px\" width=\"970\" height=\"90\"   \/><\/a><\/div>\n<p>Por su parte, seg\u00fan la agencia Interfax, &#8216;cazabombarderos ucranianos lanzaron en el centro de la ciudad un proyectil, que estall\u00f3 cerca de la sede de la Administraci\u00f3n regional, donde tienen su base los dirigentes de la &#8216;rep\u00fablica popular de Lugansk\u00bb.<\/p>\n<p>&#8216;Hay muchos muertos y heridos entre los rebeldes y la poblaci\u00f3n civil&#8217;, agreg\u00f3.<\/p>\n<p>No obstante, las autoridades de Kiev negaron que un avi\u00f3n de guerra de las Fuerzas A\u00e9reas ucranianas hubiera bombardeado hoy el centro de Lugansk.<\/p>\n<p>&#8216;Ataque a\u00e9reo no hubo, ni lo pudo haber. La explosi\u00f3n en el edificio del Gobierno regional de Lugansk se produjo debido al inepto uso de armas de fuego y sustancias explosivas&#8217;, explic\u00f3 Vladislav Selezniov, portavoz de la &#8216;operaci\u00f3n antiterrorista&#8217; contra los bastiones del este rusohablante.<\/p>\n<p>Por otra parte, Rusia convoc\u00f3 hoy una reuni\u00f3n de urgencia del Consejo de Seguridad de la ONU para presentar una propuesta de resoluci\u00f3n sobre Ucrania que exigir\u00e1 el cese inmediato de la violencia para negociar un alto el fuego duradero y la apertura de &#8216;corredores humanitarios&#8217; en el este prorruso.<\/p>\n<p>&#8216;Cada d\u00eda muere m\u00e1s gente, aumenta el sufrimiento de los civiles (&#8230;) sigue el uso de tropas, aviaci\u00f3n y armamento pesado; ametrallan barrios residenciales como se puede ver pr\u00e1cticamente en vivo&#8217;, protest\u00f3 en rueda de prensa el ministro de Exteriores ruso, Sergu\u00e9i Lavrov.<\/p>\n<p>Rusia &#8216;exigir\u00e1 el cese inmediato de la violencia y el inicio de negociaciones con el objetivo de garantizar el alto el fuego s\u00f3lido y seguro&#8217; en Ucrania, subray\u00f3.<\/p>\n<p>&#8216;Queremos que el Consejo de Seguridad demande que no se obstruya la salida de la gente pac\u00edfica y el env\u00edo de ayuda humanitaria a esas zonas de combate&#8217;, agreg\u00f3.<\/p>\n<p>Lavrov tambi\u00e9n censur\u00f3 que no se han cumplido los pron\u00f3sticos de Occidente, seg\u00fan los cuales tras las elecciones presidenciales del 25 de mayo la situaci\u00f3n en Ucrania se estabilizar\u00eda.<\/p>\n<p>&#8216;Todo ha sido al rev\u00e9s&#8217;, resalt\u00f3.<\/p>\n<p>Mientras, durante el Consejo OTAN-Rusia en Bruselas los aliados instaron a Mosc\u00fa a dejar de apoyar a los separatistas, suspender el suministro de armas y replegar de una vez por todas a sus tropas de la frontera con Ucrania.<\/p>","protected":false},"excerpt":{"rendered":"<p>Los combates entre fuerzas gubernamentales e insurgentes prorrusos en Ucrania llegaron hoy a la frontera con Rusia cuando un grupo de milicianos rebeldes atac\u00f3 un puesto de la guardia fronteriza. Seg\u00fan el Servicio de Guardafronteras de Ucrania, cerca de medio millar de rebeldes atacaron durante la madrugada la comandancia situada en la ciudad de Lugansk, [&hellip;]<\/p>","protected":false},"author":0,"featured_media":870715,"comment_status":"closed","ping_status":"closed","sticky":false,"template":"","format":"standard","meta":{"_acf_changed":false,"_monsterinsights_skip_tracking":false,"ep_exclude_from_search":false,"footnotes":""},"categories":[17],"tags":[],"class_list":["post-142614","post","type-post","status-publish","format-standard","has-post-thumbnail","hentry","category-mundo"],"acf":[],"aioseo_notices":[],"_links":{"self":[{"href":"https:\/\/noticel.com\/en\/wp-json\/wp\/v2\/posts\/142614","targetHints":{"allow":["GET"]}}],"collection":[{"href":"https:\/\/noticel.com\/en\/wp-json\/wp\/v2\/posts"}],"about":[{"href":"https:\/\/noticel.com\/en\/wp-json\/wp\/v2\/types\/post"}],"replies":[{"embeddable":true,"href":"https:\/\/noticel.com\/en\/wp-json\/wp\/v2\/comments?post=142614"}],"version-history":[{"count":1,"href":"https:\/\/noticel.com\/en\/wp-json\/wp\/v2\/posts\/142614\/revisions"}],"predecessor-version":[{"id":870743,"href":"https:\/\/noticel.com\/en\/wp-json\/wp\/v2\/posts\/142614\/revisions\/870743"}],"wp:featuredmedia":[{"embeddable":true,"href":"https:\/\/noticel.com\/en\/wp-json\/wp\/v2\/media\/870715"}],"wp:attachment":[{"href":"https:\/\/noticel.com\/en\/wp-json\/wp\/v2\/media?parent=142614"}],"wp:term":[{"taxonomy":"category","embeddable":true,"href":"https:\/\/noticel.com\/en\/wp-json\/wp\/v2\/categories?post=142614"},{"taxonomy":"post_tag","embeddable":true,"href":"https:\/\/noticel.com\/en\/wp-json\/wp\/v2\/tags?post=142614"}],"curies":[{"name":"wp","href":"https:\/\/api.w.org\/{rel}","templated":true}]}}