{"id":142578,"date":"2014-06-07T17:52:43","date_gmt":"2014-06-07T21:52:43","guid":{"rendered":"https:\/\/www.noticel.com\/mundo\/20140607\/se-acomoda-el-legendario-enigma-de-los-gitanos\/"},"modified":"2025-08-19T18:35:10","modified_gmt":"2025-08-19T18:35:10","slug":"se-acomoda-el-legendario-enigma-de-los-gitanos","status":"publish","type":"post","link":"https:\/\/noticel.com\/en\/noticias\/mundo\/20140607\/se-acomoda-el-legendario-enigma-de-los-gitanos\/","title":{"rendered":"Se acomoda el legendario enigma de los gitanos"},"content":{"rendered":"<p>Nueva Delhi &#8211; Que los gitanos proceden de la India es algo generalmente aceptado pero el estatus que ocupaban cuando emigraron y el motivo de que lo hicieran es un enigma que permanece por resolver en su pa\u00eds de origen desde la noche de los tiempos.<\/p>\n<p>La falta de certezas ha provocado una proliferaci\u00f3n de teor\u00edas; la \u00faltima es de corte teocr\u00e1tico y vincula al pueblo gitano con el popular dios hind\u00fa Krishna, cuya encarnaci\u00f3n humana tiene como principal caracter\u00edstica el amor a la m\u00fasica, el baile y la fiesta.<\/p>\n<p>Eso es lo que plantea el fil\u00e1ntropo Umang Utheesing, que pertenece a una de las m\u00e1s antiguas familias de Gujarat y dice que ha localizado la cuna de las &#8216;tribus gitanas&#8217; en ese estado del oeste indio, donde la mitolog\u00eda sit\u00faa las andanzas del hombre-dios.<\/p>\n<p>&#8216;Eran n\u00f3madas y ganaderos, como Krishna, y segu\u00edan la misma tradici\u00f3n que la divinidad, que despu\u00e9s de llevar a pastar al ganado se dedicaba a cantar, bailar y divertirse&#8217;, afirma el especialista, que ha seguido el rastro de la di\u00e1spora gitana por el mundo.<\/p>\n<p>Utheesing subraya que Krishna suele aparece en la iconograf\u00eda hind\u00fa con aspecto festivo y dos cayados que empleaba para pastorear y tambi\u00e9n para practicar Raas, un baile que se identifica a\u00fan en la India con el hombre-dios y guarda fuerte similitud con el flamenco.<\/p>\n<p>El fil\u00e1ntropo, que preside una fundaci\u00f3n de cultura gujarati, opina que la emigraci\u00f3n gitana se produjo en \u00e9poca inmemorial por el noroeste del pa\u00eds y con prop\u00f3sito b\u00e1sicamente comercial, para vender productos locales como piedras preciosas, seda y especias.<\/p>\n<p>La tesis de Utheesing contradice la anclada creencia de que losgitanosson originarios del vecino estado de Rajhastan -cuyas danzas tambi\u00e9n se asemejan al flamenco-, y que descienden de los llamados intocables, que ocupan el escalaf\u00f3n m\u00e1s bajo del sistema de castas.<\/p>\n<p>De acuerdo con esa creencia, la condici\u00f3n de parias fue precisamente lo que les empujo a abandonar la India.<\/p>\n<p>Autor del libro &#8216;Roma, el Pueblo Gitano&#8217;, el antrop\u00f3logo Shyam Singh, coincide con Utheesing en rechazar que losgitanosdescienden de intocables, y esgrime el argumento de que &#8216;cuando empezaron a irse no exist\u00eda el sistema de castas, tal como lo entendemos ahora&#8217;.<\/p>\n<p>Ese autor sostiene que losgitanospertenec\u00edan en origen a distintas clases sociales, vinculadas con la profesi\u00f3n que ejerc\u00edan, pero en contraste con Utheesing asegura que emigraron de manera progresiva, por razones variadas y en diferentes periodos.<\/p><div class=\"notic-content-middle\" id=\"notic-3939111803\"><div class=\"notic-adlabel\">Advertisements<\/div><a data-no-instant=\"1\" href=\"https:\/\/qrco.de\/bgxd5v\" rel=\"noopener\" class=\"a2t-link\" target=\"_blank\" aria-label=\"300X600-SEBUSCA\"><img loading=\"lazy\" decoding=\"async\" src=\"https:\/\/cdn.noticel.com\/2026\/09\/02194007\/300X600-SEBUSCA.jpg\" alt=\"\"  srcset=\"https:\/\/cdn.noticel.com\/2026\/09\/02194007\/300X600-SEBUSCA.jpg 300w, https:\/\/cdn.noticel.com\/2026\/09\/02194007\/300X600-SEBUSCA-150x300.jpg 150w, https:\/\/cdn.noticel.com\/2026\/09\/02194007\/300X600-SEBUSCA-6x12.jpg 6w\" sizes=\"(max-width: 300px) 100vw, 300px\" width=\"300\" height=\"600\"   \/><\/a><\/div>\n<p>Singh recuerda que el autor Hamza de Isphahan dej\u00f3 testimonio escrito de la presencia ya en el siglo X en la corte persa de un grupo de 20,000 indios que se dedicaban a las artes esc\u00e9nicas y el entretenimiento, y que considera &#8216;gitanosde primera hora&#8217;.<\/p>\n<p>Asimismo defiende la versi\u00f3n de que grupos de combatientes hind\u00faes quedaron aislados y posteriormente fueron conducidos al exilio tras hacer frente con las armas a las invasiones musulmanas que se intensificaron en la India a partir del siglo XIV.<\/p>\n<p>El antrop\u00f3logo mantiene que losgitanosy las tribus Bangaras del norte y oeste de la India est\u00e1n emparentados por rasgos como el folclore, la endogamia y el nomadismo, pero reconoce la nebulosa hist\u00f3rica que se cierne sobre losgitanosen su pa\u00eds de procedencia.<\/p>\n<p>Tampoco est\u00e1 claro porqu\u00e9 Espa\u00f1a -donde la primera referencia escrita de losgitanosse remonta al siglo XV, en un edicto del Reino de Arag\u00f3n-, fue el pa\u00eds extranjero en que mejor conservaron su arte, baile y cante, que adquirieron all\u00ed una nueva dimensi\u00f3n.<\/p>\n<p>La flamenc\u00f3loga Rosal\u00eda P\u00e9rez lo atribuye a la influencia de los otros pueblos orientales que se dieron cita en la pen\u00ednsula ib\u00e9rica, jud\u00edos y \u00e1rabes, cuyo aporte a la cultura hispana es m\u00e1s reconocido, aunque apunta que no necesariamente mayor, que la de losgitanos.<\/p>\n<p>Lectora de espa\u00f1ol en la Universidad de Nueva Delhi, P\u00e9rez resalta en ese sentido la notable cantidad de palabras que tienen su origen en el cal\u00f3 o lengua gitana y se han incorporado al castellano, como &#8216;chaval&#8217;, &#8216;chungo&#8217;, &#8216;currar&#8217; y &#8216;churumbel&#8217;.<\/p>\n<p>La experta participa de la convenci\u00f3n de que el t\u00e9rmino &#8216;gitano&#8217; procede de &#8216;egipciano&#8217; debido a que llegaron a Espa\u00f1a desde Egipto.<\/p>\n<p>Admite, no obstante, que igual que su salida de la India tambi\u00e9n es un misterio el origen de la palabra que define el arte flamenco.<\/p>\n<p>&#8216;Los flamenc\u00f3logos no se ponen de acuerdo&#8217;, concede P\u00e9rez, que explica que hay quien piensa que la palabra &#8216;flamenco&#8217; se debe a que el arte gitano cobr\u00f3 carta de naturaleza en Flandes porque fue donde empezaron a popularizarlo las tropas del Imperio espa\u00f1ol.<\/p>\n<p>Pero tambi\u00e9n hay quien cree que el t\u00e9rmino reproduce el que sirve para nombrar el ave, por la planta y, anota P\u00e9rez, el garbo.<\/p>","protected":false},"excerpt":{"rendered":"<p>Nueva Delhi &#8211; Que los gitanos proceden de la India es algo generalmente aceptado pero el estatus que ocupaban cuando emigraron y el motivo de que lo hicieran es un enigma que permanece por resolver en su pa\u00eds de origen desde la noche de los tiempos. La falta de certezas ha provocado una proliferaci\u00f3n de [&hellip;]<\/p>","protected":false},"author":0,"featured_media":875714,"comment_status":"closed","ping_status":"closed","sticky":false,"template":"","format":"standard","meta":{"_acf_changed":false,"_monsterinsights_skip_tracking":false,"ep_exclude_from_search":false,"footnotes":""},"categories":[17],"tags":[],"class_list":["post-142578","post","type-post","status-publish","format-standard","has-post-thumbnail","hentry","category-mundo"],"acf":[],"aioseo_notices":[],"_links":{"self":[{"href":"https:\/\/noticel.com\/en\/wp-json\/wp\/v2\/posts\/142578","targetHints":{"allow":["GET"]}}],"collection":[{"href":"https:\/\/noticel.com\/en\/wp-json\/wp\/v2\/posts"}],"about":[{"href":"https:\/\/noticel.com\/en\/wp-json\/wp\/v2\/types\/post"}],"replies":[{"embeddable":true,"href":"https:\/\/noticel.com\/en\/wp-json\/wp\/v2\/comments?post=142578"}],"version-history":[{"count":1,"href":"https:\/\/noticel.com\/en\/wp-json\/wp\/v2\/posts\/142578\/revisions"}],"predecessor-version":[{"id":875717,"href":"https:\/\/noticel.com\/en\/wp-json\/wp\/v2\/posts\/142578\/revisions\/875717"}],"wp:featuredmedia":[{"embeddable":true,"href":"https:\/\/noticel.com\/en\/wp-json\/wp\/v2\/media\/875714"}],"wp:attachment":[{"href":"https:\/\/noticel.com\/en\/wp-json\/wp\/v2\/media?parent=142578"}],"wp:term":[{"taxonomy":"category","embeddable":true,"href":"https:\/\/noticel.com\/en\/wp-json\/wp\/v2\/categories?post=142578"},{"taxonomy":"post_tag","embeddable":true,"href":"https:\/\/noticel.com\/en\/wp-json\/wp\/v2\/tags?post=142578"}],"curies":[{"name":"wp","href":"https:\/\/api.w.org\/{rel}","templated":true}]}}