{"id":142214,"date":"2014-09-03T21:46:06","date_gmt":"2014-09-04T01:46:06","guid":{"rendered":"https:\/\/www.noticel.com\/en-serio\/20140903\/reganan-a-abogado-por-vestirse-como-personaje-de-pelicula-de-harry-potter\/"},"modified":"2025-08-17T17:36:02","modified_gmt":"2025-08-17T17:36:02","slug":"reganan-a-abogado-por-vestirse-como-personaje-de-pelicula-de-harry-potter","status":"publish","type":"post","link":"https:\/\/noticel.com\/en\/mas\/otros\/20140903\/reganan-a-abogado-por-vestirse-como-personaje-de-pelicula-de-harry-potter\/","title":{"rendered":"Rega\u00f1an a abogado por vestirse como personaje de pel\u00edcula de Harry Potter"},"content":{"rendered":"<p>Un juez de la Corte de Cardiff en el Reino Unido reprendi\u00f3 al representante legal Andrew Blacker por llegar vestido como un personaje de una pel\u00edcula de Harry Potter.<\/p>\n<p>Seg\u00fan rese\u00f1ara el diario brit\u00e1nica <a href=\"http:\/\/www.telegraph.co.uk\/news\/uknews\/law-and-order\/11063177\/Judge-reprimands-lawyer-for-dressing-like-something-out-of-Harry-Potter.html\" target=\"_blank\">Telegraph<\/a>, el juez David Wynn Morgan le record\u00f3 al abogado que desde que ejerce en las cortes desde 1978 nunca hab\u00eda visto a un representante legal llegar portano medallas o placas en su vestimenta.<\/p>\n<p>Blacker guarda una impresionante semejanza al personaje de Hagrid de las pel\u00edculas del mago Harry Potter, y cosi\u00f3 a su vestimenta medallas de reconocimiento de una compa\u00f1\u00eda de ambulancias y cintas coloridas.<\/p>\n<p>El Juez advirti\u00f3 a Blacker que si volv\u00eda a aparecerse vestido de esa forma en la corte se reservar\u00eda el derecho a escucharlo.<\/p>","protected":false},"excerpt":{"rendered":"<p>Un juez de la Corte de Cardiff en el Reino Unido reprendi\u00f3 al representante legal Andrew Blacker por llegar vestido como un personaje de una pel\u00edcula de Harry Potter. Seg\u00fan rese\u00f1ara el diario brit\u00e1nica Telegraph, el juez David Wynn Morgan le record\u00f3 al abogado que desde que ejerce en las cortes desde 1978 nunca hab\u00eda [&hellip;]<\/p>","protected":false},"author":0,"featured_media":860675,"comment_status":"closed","ping_status":"closed","sticky":false,"template":"","format":"standard","meta":{"_acf_changed":false,"_monsterinsights_skip_tracking":false,"ep_exclude_from_search":false,"footnotes":""},"categories":[83],"tags":[],"class_list":["post-142214","post","type-post","status-publish","format-standard","has-post-thumbnail","hentry","category-otros"],"acf":[],"aioseo_notices":[],"_links":{"self":[{"href":"https:\/\/noticel.com\/en\/wp-json\/wp\/v2\/posts\/142214","targetHints":{"allow":["GET"]}}],"collection":[{"href":"https:\/\/noticel.com\/en\/wp-json\/wp\/v2\/posts"}],"about":[{"href":"https:\/\/noticel.com\/en\/wp-json\/wp\/v2\/types\/post"}],"replies":[{"embeddable":true,"href":"https:\/\/noticel.com\/en\/wp-json\/wp\/v2\/comments?post=142214"}],"version-history":[{"count":1,"href":"https:\/\/noticel.com\/en\/wp-json\/wp\/v2\/posts\/142214\/revisions"}],"predecessor-version":[{"id":860734,"href":"https:\/\/noticel.com\/en\/wp-json\/wp\/v2\/posts\/142214\/revisions\/860734"}],"wp:featuredmedia":[{"embeddable":true,"href":"https:\/\/noticel.com\/en\/wp-json\/wp\/v2\/media\/860675"}],"wp:attachment":[{"href":"https:\/\/noticel.com\/en\/wp-json\/wp\/v2\/media?parent=142214"}],"wp:term":[{"taxonomy":"category","embeddable":true,"href":"https:\/\/noticel.com\/en\/wp-json\/wp\/v2\/categories?post=142214"},{"taxonomy":"post_tag","embeddable":true,"href":"https:\/\/noticel.com\/en\/wp-json\/wp\/v2\/tags?post=142214"}],"curies":[{"name":"wp","href":"https:\/\/api.w.org\/{rel}","templated":true}]}}