{"id":142020,"date":"2014-10-14T13:39:34","date_gmt":"2014-10-14T17:39:34","guid":{"rendered":"https:\/\/www.noticel.com\/ahora\/20141014\/director-del-9-1-1-senala-dinamicas-con-sindicato-como-detonante-a-su-ren\/"},"modified":"2025-07-18T09:01:19","modified_gmt":"2025-07-18T09:01:19","slug":"director-del-9-1-1-senala-dinamicas-con-sindicato-como-detonante-a-su-ren","status":"publish","type":"post","link":"https:\/\/noticel.com\/en\/ultima-hora\/20141014\/director-del-9-1-1-senala-dinamicas-con-sindicato-como-detonante-a-su-ren\/","title":{"rendered":"Director del 9-1-1 se\u00f1ala &#8216;din\u00e1micas&#8217; con sindicato como detonante a su ren"},"content":{"rendered":"<p>El director ejecutivo del Sistema 9-1-1, Roberto Fuentes Maldonado, indic\u00f3 el martes que su renuncia a la agencia surge luego de &#8216;din\u00e1micas&#8217; que ocurrieron durante la negociaci\u00f3n del convenio colectivo.<\/p>\n<p>El lunes trascendi\u00f3 que el funcionario se vio en la obligaci\u00f3n de presentar su <a href=\"https:\/\/noticel.com\/en\/noticia\/167321\/director-del-9-1-1-renuncia-a-peticion-de-la-junta-de-gobierno.html\/\">renuncia luego de que as\u00ed lo solicitara la Junta de Gobierno de la agencia<\/a>.<\/p>\n<p>Fuentes de la Fortaleza confirmaron a NotiCel que Fuentes Maldonado present\u00f3 su renuncia sin mayor oposici\u00f3n.<\/p>\n<p>Fuentes Maldonado sostuvo durante una entrevista en WKAQ que estaba satisfecho con lo que se logr\u00f3 en la agencia y que su renuncia &#8216;se dio en el conexto de las negociaciones del convenio&#8217; en las que ocurrieron &#8216;din\u00e1micas&#8217; que buscaban minar su credibilidad como Director.<\/p>\n<p>Estres\u00f3 que sabe que se necesitan mejores condiciones de trabajo para los empleados del pa\u00eds, no se puede cobrar m\u00e1s haciendo menos.<\/p><div class=\"notic-content-middle\" id=\"notic-2834365298\"><div class=\"notic-adlabel\">Advertisements<\/div><a data-no-instant=\"1\" href=\"https:\/\/www.asegurate-bien.com\/\" rel=\"noopener\" class=\"a2t-link\" target=\"_blank\" aria-label=\"Acodese-Adaptaciones-Noticel-300&#215;600\"><img loading=\"lazy\" decoding=\"async\" src=\"https:\/\/cdn.noticel.com\/2026\/05\/30094652\/Acodese-Adaptaciones-Noticel-300x600-1.jpg\" alt=\"\"  srcset=\"https:\/\/cdn.noticel.com\/2026\/05\/30094652\/Acodese-Adaptaciones-Noticel-300x600-1.jpg 300w, https:\/\/cdn.noticel.com\/2026\/05\/30094652\/Acodese-Adaptaciones-Noticel-300x600-1-150x300.jpg 150w, https:\/\/cdn.noticel.com\/2026\/05\/30094652\/Acodese-Adaptaciones-Noticel-300x600-1-6x12.jpg 6w\" sizes=\"(max-width: 300px) 100vw, 300px\" width=\"300\" height=\"600\"   \/><\/a><\/div>\n<p>La Junta de Gobierno del Sistema de Servicios 9-1-1 anunci\u00f3 a Juan G. Morales Vargas como nuevo director ejecutivo interino de la agencia.<\/p>\n<p>En los \u00faltimos meses, Fuentes Maldonadoenfrent\u00f3 se\u00f1alamientos por el mal manejo administrativo y de fondos para remodelar la planta f\u00edsica, as\u00ed como m\u00faltiples quejas de los empleados. Desde el 15 de septiembre, en reuni\u00f3n ordinaria de la Junta, el director ejecutivo de la Agencia Estatal Para el Manejo de Emergencias y Desastres (AEMEAD), Miguel R\u00edos, indic\u00f3 la necesidad de llamar a Fuentes &#8216;a cap\u00edtulo&#8217;.<\/p>\n<p>Vea tambi\u00e9n<\/p>\n<p><a href=\"https:\/\/noticel.com\/en\/noticia\/165346\/saca-la-cara-por-su-labor-el-director-del-9-1-1.html\/\" target=\"_blank\">Saca la cara por su labor el director del 9-1-1<\/a><\/p>","protected":false},"excerpt":{"rendered":"<p>El director ejecutivo del Sistema 9-1-1, Roberto Fuentes Maldonado, indic\u00f3 el martes que su renuncia a la agencia surge luego de &#8216;din\u00e1micas&#8217; que ocurrieron durante la negociaci\u00f3n del convenio colectivo. El lunes trascendi\u00f3 que el funcionario se vio en la obligaci\u00f3n de presentar su renuncia luego de que as\u00ed lo solicitara la Junta de Gobierno [&hellip;]<\/p>","protected":false},"author":0,"featured_media":503382,"comment_status":"closed","ping_status":"closed","sticky":false,"template":"","format":"standard","meta":{"_acf_changed":false,"_monsterinsights_skip_tracking":false,"ep_exclude_from_search":false,"footnotes":""},"categories":[2],"tags":[],"class_list":["post-142020","post","type-post","status-publish","format-standard","has-post-thumbnail","hentry","category-ultima-hora"],"acf":[],"aioseo_notices":[],"_links":{"self":[{"href":"https:\/\/noticel.com\/en\/wp-json\/wp\/v2\/posts\/142020","targetHints":{"allow":["GET"]}}],"collection":[{"href":"https:\/\/noticel.com\/en\/wp-json\/wp\/v2\/posts"}],"about":[{"href":"https:\/\/noticel.com\/en\/wp-json\/wp\/v2\/types\/post"}],"replies":[{"embeddable":true,"href":"https:\/\/noticel.com\/en\/wp-json\/wp\/v2\/comments?post=142020"}],"version-history":[{"count":1,"href":"https:\/\/noticel.com\/en\/wp-json\/wp\/v2\/posts\/142020\/revisions"}],"predecessor-version":[{"id":503387,"href":"https:\/\/noticel.com\/en\/wp-json\/wp\/v2\/posts\/142020\/revisions\/503387"}],"wp:featuredmedia":[{"embeddable":true,"href":"https:\/\/noticel.com\/en\/wp-json\/wp\/v2\/media\/503382"}],"wp:attachment":[{"href":"https:\/\/noticel.com\/en\/wp-json\/wp\/v2\/media?parent=142020"}],"wp:term":[{"taxonomy":"category","embeddable":true,"href":"https:\/\/noticel.com\/en\/wp-json\/wp\/v2\/categories?post=142020"},{"taxonomy":"post_tag","embeddable":true,"href":"https:\/\/noticel.com\/en\/wp-json\/wp\/v2\/tags?post=142020"}],"curies":[{"name":"wp","href":"https:\/\/api.w.org\/{rel}","templated":true}]}}