{"id":142002,"date":"2014-10-17T17:04:40","date_gmt":"2014-10-17T21:04:40","guid":{"rendered":"https:\/\/www.noticel.com\/deportes\/20141017\/mlb-bumgarner-es-seleccionado-como-jugador-mas-valioso\/"},"modified":"2025-07-18T08:50:46","modified_gmt":"2025-07-18T08:50:46","slug":"mlb-bumgarner-es-seleccionado-como-jugador-mas-valioso","status":"publish","type":"post","link":"https:\/\/noticel.com\/en\/deportes\/20141017\/mlb-bumgarner-es-seleccionado-como-jugador-mas-valioso\/","title":{"rendered":"MLB: Bumgarner es seleccionado como Jugador M\u00e1s Valioso"},"content":{"rendered":"<p>Los Gigantes de San Francisco ya est\u00e1n en su tercer &#8216;Cl\u00e1sico de Oto\u00f1o&#8217; en cinco temporadas, y esta vez tuvieron como jugador clave en la Serie de Campeonato de la Liga Nacional al abridor zurdo Madison Bumgarner, quien fue elegido como el Jugador M\u00e1s Valioso (MVP) de la serie que su equipo gan\u00f3 4-1 al mejor de siete encuentros ante los Cardenales de San Luis.<\/p>\n<p>En el encuentro decisivo, Bumgarner, ofreci\u00f3 una labor eficaz de ocho entradas en las que espaci\u00f3 cinco imparables, incluidos dos jonrones, tres carreras limpias, dio dos bases por bolas y abanic\u00f3 a cinco bateadores rivales.<\/p>\n<p>&#8216;Me siento agradecido y bendecido por tener este reconocimiento. No s\u00e9 si lo merezco o no al ciento por ciento&#8217;, declar\u00f3 Bumgarner al concluir el partido ayer jueves. &#8216;Hay muchos chicos que se merecen esto. Estamos todos muy emocionados por seguir adelante&#8217;, a\u00f1adi\u00f3 el jugador.<\/p>\n<p>Bumgarner, de 25 a\u00f1os, ya hab\u00eda conseguido blanqueada en el primer juego de la serie cuando los Gigantes ganaron en el Busch Stadium de San Luis por 3-0, y que fue el punto de partida para conseguir el pase a la Serie Mundial, en la que buscar\u00e1n lograr su tercer t\u00edtulo, tal y como sucedi\u00f3 en las del 2010 y 2012.<\/p><div class=\"notic-content-middle\" id=\"notic-3660561706\"><div class=\"notic-adlabel\">Advertisements<\/div><a data-no-instant=\"1\" href=\"https:\/\/qrco.de\/bgxd5v\" rel=\"noopener\" class=\"a2t-link\" target=\"_blank\" aria-label=\"DisplayAds-300&#215;250\"><img loading=\"lazy\" decoding=\"async\" src=\"https:\/\/cdn.noticel.com\/2026\/08\/11175704\/DisplayAds-300x250-1.jpg\" alt=\"\"  srcset=\"https:\/\/cdn.noticel.com\/2026\/08\/11175704\/DisplayAds-300x250-1.jpg 300w, https:\/\/cdn.noticel.com\/2026\/08\/11175704\/DisplayAds-300x250-1-14x12.jpg 14w\" sizes=\"(max-width: 300px) 100vw, 300px\" width=\"300\" height=\"250\"   \/><\/a><\/div>\n<p>El abridor zurdo volver\u00e1 a ser el encargado de salir al mont\u00edculo y lanzar por los Gigantes en el primer partido del &#8216;Cl\u00e1sico de Oto\u00f1o&#8217;, que se disputar\u00e1 el pr\u00f3ximo martes en el Kauffman Stadium, de Kansas City, campo del equipo local de los Reales, campeones del bander\u00edn de la Liga Americana, que tendr\u00e1n la ventaja de campo.<\/p>\n<p>Su rival en el mont\u00edculo ser\u00e1 el abridor derecho estelar James Shields. &#8216;Me gusta realmente el grupo de jugadores que tenemos aqu\u00ed. Va a ser una serie muy divertida&#8217;, valor\u00f3 Bumgarner. &#8216;Estamos m\u00e1s seguros que nunca de nuestro juego&#8217;, a\u00f1adi\u00f3. Bumgarner, que s\u00f3lo cometi\u00f3 un inesperado error en el tercer juego de la serie de divisi\u00f3n contra los Nacionales de Washington, ha estado dominante e intratable en lo que es la tercera participaci\u00f3n que tiene en la competici\u00f3n de la fase final.<\/p>\n<p>Una notable racha de los Gigantes, de 10 triunfos consecutivos en los playoffs, termin\u00f3 con una pifia de su mejor lanzador. El mal tiro de Bumgarner a tercera, tras fildear un toque de pelota, abri\u00f3 la puerta a la remontada de los Nacionales, que fue el \u00fanico partido que ganaron. A pesar de la derrota, los Gigantes ganaron la serie divisional por 3-1 y Bumgarner regres\u00f3 intratable en el primer partido de la Serie de Campeonato ante los Cardenales, a los que blanque\u00f3.<\/p>\n<p>Bumgarner cedi\u00f3 dos jonrones en el quinto partido, pero retir\u00f3 a sus \u00faltimos 13 bateadores rivales, que hizo posible que los Gigantes se mantuviesen en el partido hasta que en la parte baja de la novena entrada, el jardinero Travis Ishikawa pegase el cuadrangular de tres carreras que decidi\u00f3 la victoria del equipo de San Francisco, mientras que Bumgarner logr\u00f3 irse sin decisi\u00f3n y adem\u00e1s asegurase el merecido premio de MVP.<\/p>","protected":false},"excerpt":{"rendered":"<p>Los Gigantes de San Francisco ya est\u00e1n en su tercer &#8216;Cl\u00e1sico de Oto\u00f1o&#8217; en cinco temporadas, y esta vez tuvieron como jugador clave en la Serie de Campeonato de la Liga Nacional al abridor zurdo Madison Bumgarner, quien fue elegido como el Jugador M\u00e1s Valioso (MVP) de la serie que su equipo gan\u00f3 4-1 al [&hellip;]<\/p>","protected":false},"author":0,"featured_media":501640,"comment_status":"closed","ping_status":"closed","sticky":false,"template":"","format":"standard","meta":{"_acf_changed":false,"_monsterinsights_skip_tracking":false,"ep_exclude_from_search":false,"footnotes":""},"categories":[31],"tags":[],"class_list":["post-142002","post","type-post","status-publish","format-standard","has-post-thumbnail","hentry","category-deportes"],"acf":[],"aioseo_notices":[],"_links":{"self":[{"href":"https:\/\/noticel.com\/en\/wp-json\/wp\/v2\/posts\/142002","targetHints":{"allow":["GET"]}}],"collection":[{"href":"https:\/\/noticel.com\/en\/wp-json\/wp\/v2\/posts"}],"about":[{"href":"https:\/\/noticel.com\/en\/wp-json\/wp\/v2\/types\/post"}],"replies":[{"embeddable":true,"href":"https:\/\/noticel.com\/en\/wp-json\/wp\/v2\/comments?post=142002"}],"version-history":[{"count":1,"href":"https:\/\/noticel.com\/en\/wp-json\/wp\/v2\/posts\/142002\/revisions"}],"predecessor-version":[{"id":501646,"href":"https:\/\/noticel.com\/en\/wp-json\/wp\/v2\/posts\/142002\/revisions\/501646"}],"wp:featuredmedia":[{"embeddable":true,"href":"https:\/\/noticel.com\/en\/wp-json\/wp\/v2\/media\/501640"}],"wp:attachment":[{"href":"https:\/\/noticel.com\/en\/wp-json\/wp\/v2\/media?parent=142002"}],"wp:term":[{"taxonomy":"category","embeddable":true,"href":"https:\/\/noticel.com\/en\/wp-json\/wp\/v2\/categories?post=142002"},{"taxonomy":"post_tag","embeddable":true,"href":"https:\/\/noticel.com\/en\/wp-json\/wp\/v2\/tags?post=142002"}],"curies":[{"name":"wp","href":"https:\/\/api.w.org\/{rel}","templated":true}]}}