{"id":139673,"date":"2016-05-20T19:37:00","date_gmt":"2016-05-20T23:37:00","guid":{"rendered":"https:\/\/www.noticel.com\/boxeo-caliente\/deportes\/20160520\/enviaran-a-casa-a-prichard-colon-a-pesar-de-seguir-en-coma\/"},"modified":"2025-07-21T15:32:29","modified_gmt":"2025-07-21T15:32:29","slug":"enviaran-a-casa-a-prichard-colon-a-pesar-de-seguir-en-coma","status":"publish","type":"post","link":"https:\/\/noticel.com\/en\/deportes\/20160520\/enviaran-a-casa-a-prichard-colon-a-pesar-de-seguir-en-coma\/","title":{"rendered":"Enviar\u00e1n a casa a Prichard Col\u00f3n a pesar de seguir en coma"},"content":{"rendered":"<p>El boxeador boricua Prichard Col\u00f3n, quien se encuentra en coma desde el 17 de octubre del a\u00f1o pasado tras recibir varios golpes en la nuca durante un combate contra Terrell Williams, ser\u00e1 enviado a su residencia en los pr\u00f3ximos d\u00edas a pesar de continuar en estado comatoso.<\/p>\n<p>As\u00ed se dej\u00f3 saber a trav\u00e9s de declaraciones emitidas en la p\u00e1gina oficial de Col\u00f3n en Facebook, indicando que de no despertar, Col\u00f3n ser\u00e1 enviado a su hogar en Orlando el pr\u00f3ximo 24 de mayo para continuar el proceso de recuperaci\u00f3n. De igual forma se dijo que al ser enviado a su casa, la rehabilitaci\u00f3n se tornar\u00eda m\u00e1s dif\u00edcil.<\/p>\n<p>&#8216;Sabemos que ese calor hogare\u00f1o ser\u00e1 de beneficio para nuestro campe\u00f3n, pero tambi\u00e9n sabemos que la lucha ser\u00e1 m\u00e1s intensa. Este fin de semana, les pido que esas oraciones sean con m\u00e1s fe que antes. Esperanzados en que Dios ponga su mano y nos despierte a Pri&#8217;, manifestaron en su perfil.<\/p>\n<p>Col\u00f3n se encuentra recluido en el Shepherd Institute de Atlanta, Georgia, en estado de coma pero estable. Seg\u00fan la familia, su recuperaci\u00f3n ha sido lenta pero satisfactoria ante las cirug\u00edas a las que se ha sido sometido.<\/p><div class=\"notic-content-middle\" id=\"notic-3443076018\"><div class=\"notic-adlabel\">Advertisements<\/div><a data-no-instant=\"1\" href=\"https:\/\/www.asegurate-bien.com\/\" rel=\"noopener\" class=\"a2t-link\" target=\"_blank\" aria-label=\"Acodese-Adaptaciones-Noticel-970&#215;250\"><img loading=\"lazy\" decoding=\"async\" src=\"https:\/\/cdn.noticel.com\/2026\/05\/30100504\/Acodese-Adaptaciones-Noticel-970x250-1.jpg\" alt=\"\"  srcset=\"https:\/\/cdn.noticel.com\/2026\/05\/30100504\/Acodese-Adaptaciones-Noticel-970x250-1.jpg 970w, https:\/\/cdn.noticel.com\/2026\/05\/30100504\/Acodese-Adaptaciones-Noticel-970x250-1-300x77.jpg 300w, https:\/\/cdn.noticel.com\/2026\/05\/30100504\/Acodese-Adaptaciones-Noticel-970x250-1-768x198.jpg 768w, https:\/\/cdn.noticel.com\/2026\/05\/30100504\/Acodese-Adaptaciones-Noticel-970x250-1-18x5.jpg 18w\" sizes=\"(max-width: 970px) 100vw, 970px\" width=\"970\" height=\"250\"   \/><\/a><\/div>\n<p>La odisea m\u00e9dica inici\u00f3 en medio del combate frente a Williams, donde Col\u00f3n sufri\u00f3 su primer rev\u00e9s en su carrera profesional tras una confusa conclusi\u00f3n. Minutos m\u00e1s tarde, tras ser descalificado cuando su padre y entrenador le quit\u00f3 los guantes, se desmay\u00f3 en el camerino. Desde entonces, permanece en coma.<\/p>\n<p>No obstante, en d\u00edas recientes la familia ha reportado mejor\u00edas en su condici\u00f3n, incluso reaccionando a est\u00edmulos f\u00edsicos y verbales.<\/p>\n<p>Debido a los altos costos de su cuidado m\u00e9dico, la familia solicit\u00f3 ayuda econ\u00f3mica a sus seguidores. Aquellos que as\u00ed lo deseen pueden hacer una donaci\u00f3n a la cuenta n\u00famero 9 210-0011-7708 de Scotia Bank a nombre de la Fundaci\u00f3n Puerto Rico Unido por Prichard Col\u00f3n.<\/p>","protected":false},"excerpt":{"rendered":"<p>El boxeador boricua Prichard Col\u00f3n, quien se encuentra en coma desde el 17 de octubre del a\u00f1o pasado tras recibir varios golpes en la nuca durante un combate contra Terrell Williams, ser\u00e1 enviado a su residencia en los pr\u00f3ximos d\u00edas a pesar de continuar en estado comatoso. As\u00ed se dej\u00f3 saber a trav\u00e9s de declaraciones [&hellip;]<\/p>","protected":false},"author":0,"featured_media":546576,"comment_status":"closed","ping_status":"closed","sticky":false,"template":"","format":"standard","meta":{"_acf_changed":false,"_monsterinsights_skip_tracking":false,"ep_exclude_from_search":false,"footnotes":""},"categories":[31],"tags":[],"class_list":["post-139673","post","type-post","status-publish","format-standard","has-post-thumbnail","hentry","category-deportes"],"acf":[],"aioseo_notices":[],"_links":{"self":[{"href":"https:\/\/noticel.com\/en\/wp-json\/wp\/v2\/posts\/139673","targetHints":{"allow":["GET"]}}],"collection":[{"href":"https:\/\/noticel.com\/en\/wp-json\/wp\/v2\/posts"}],"about":[{"href":"https:\/\/noticel.com\/en\/wp-json\/wp\/v2\/types\/post"}],"replies":[{"embeddable":true,"href":"https:\/\/noticel.com\/en\/wp-json\/wp\/v2\/comments?post=139673"}],"version-history":[{"count":1,"href":"https:\/\/noticel.com\/en\/wp-json\/wp\/v2\/posts\/139673\/revisions"}],"predecessor-version":[{"id":546580,"href":"https:\/\/noticel.com\/en\/wp-json\/wp\/v2\/posts\/139673\/revisions\/546580"}],"wp:featuredmedia":[{"embeddable":true,"href":"https:\/\/noticel.com\/en\/wp-json\/wp\/v2\/media\/546576"}],"wp:attachment":[{"href":"https:\/\/noticel.com\/en\/wp-json\/wp\/v2\/media?parent=139673"}],"wp:term":[{"taxonomy":"category","embeddable":true,"href":"https:\/\/noticel.com\/en\/wp-json\/wp\/v2\/categories?post=139673"},{"taxonomy":"post_tag","embeddable":true,"href":"https:\/\/noticel.com\/en\/wp-json\/wp\/v2\/tags?post=139673"}],"curies":[{"name":"wp","href":"https:\/\/api.w.org\/{rel}","templated":true}]}}