{"id":13940,"date":"2018-05-29T00:00:00","date_gmt":"2018-05-29T04:00:00","guid":{"rendered":"http:\/\/www.noticel.com\/ahora\/gobierno\/junta-fiscal\/legislatura\/top-stories\/20180529\/presentan-proyecto-para-eliminar-ley-80\/"},"modified":"2025-07-17T01:37:40","modified_gmt":"2025-07-17T01:37:40","slug":"presentan-proyecto-para-eliminar-ley-80","status":"publish","type":"post","link":"https:\/\/noticel.com\/en\/ultima-hora\/20180529\/presentan-proyecto-para-eliminar-ley-80\/","title":{"rendered":"Presentan proyecto para eliminar ley 80"},"content":{"rendered":"<p><i>Esta ley defiende de despidos injustificados<\/i><\/p>\n<p>El secretario de Asuntos P\u00fablicos y Pol\u00edtica P\u00fablica, Ram\u00f3n L. Rosario Cortes, anunci\u00f3 la presentaci\u00f3n del proyecto que derogar\u00eda la Ley 80, tal y como la administraci\u00f3n lo acord\u00f3 con la Junta de Control Fiscal.<\/p>\n<p>Este proyecto fue <a href=\"https:\/\/noticel.com\/en\/ahora\/junta-fiscal\/rossello-y-junta-pactan-eliminar-derechos-de-empleados-privados\/744188080\/\" target=\"_blank\">ficha de negociaci\u00f3n<\/a> entre el gobernador Ricardo Rossell\u00f3 y la Junta de Control Fiscal (JCF) en un acuerdo para salvaguardar el recorte a las vacaciones y la eliminaci\u00f3n del Bono de Navidad que buscaba imponer la Reforma Laboral.<\/p>\n<p>&#8216;Seg\u00fan acordado por el gobernador Ricardo Rossell\u00f3 Nevares con la JCF, hoy presentamos ante la Asamblea Legislativa una medida de Administraci\u00f3n para derogar la Ley 80 y as\u00ed dar paso al acuerdo logrado y que saca de la discusi\u00f3n la eliminaci\u00f3n del Bono de Navidad y la reducci\u00f3n de d\u00edas de enfermedad y vacaciones de nuestros trabajadores&#8217;, explic\u00f3 Rosario Cortes.<\/p><div class=\"notic-content-middle\" id=\"notic-2227575429\"><div class=\"notic-adlabel\">Advertisements<\/div><a data-no-instant=\"1\" href=\"https:\/\/www.asegurate-bien.com\/\" rel=\"noopener\" class=\"a2t-link\" target=\"_blank\" aria-label=\"Acodese-Adaptaciones-Noticel-300&#215;250\"><img loading=\"lazy\" decoding=\"async\" src=\"https:\/\/cdn.noticel.com\/2026\/05\/30094423\/Acodese-Adaptaciones-Noticel-300x250-1.jpg\" alt=\"\"  srcset=\"https:\/\/cdn.noticel.com\/2026\/05\/30094423\/Acodese-Adaptaciones-Noticel-300x250-1.jpg 300w, https:\/\/cdn.noticel.com\/2026\/05\/30094423\/Acodese-Adaptaciones-Noticel-300x250-1-14x12.jpg 14w\" sizes=\"(max-width: 300px) 100vw, 300px\" width=\"300\" height=\"250\"   \/><\/a><\/div>\n<p>El secretario de Asuntos P\u00fablicos a\u00f1adi\u00f3 que &#8216;el gobernador ejerci\u00f3 su responsabilidad al lograr este acuerdo que hace viable destinar los fondos que necesitamos para desarrollar la econom\u00eda y para pagar el Bono de Navidad de nuestros empleados p\u00fablicos&#8217;.<\/p>\n<p>Aunque algunos legisladores mostraron su apoyo por este acuerdo, muchos senadores, incluyendo el presidente de ese cuerpo, <a href=\"https:\/\/noticel.com\/en\/ahora\/no-convence-rossello-a-la-legislatura-para-eliminar-ley-80\/745080545\/\" target=\"_blank\">Thomas Rivera Schatz<\/a>, no se han mostrado complacido y han solicitado tanto al gobernador como a la Junta una explicaci\u00f3n de c\u00f3mo esta eliminaci\u00f3n ayudar\u00eda a la econom\u00eda.<\/p>\n<p>La Ley 80 defiende a los trabajadores de cualquier despido injustificado por parte de un patrono, y algunos han argumentado que su eliminaci\u00f3n abrir\u00eda las compuertas a los <a href=\"https:\/\/noticel.com\/en\/economia\/derogacion-de-la-ley-80-un-empujon-a-las-privatizaciones\/746163222\/\" target=\"_blank\">procesos de privatizaci\u00f3n<\/a> de diversas agencias gubernamentales.<\/p>","protected":false},"excerpt":{"rendered":"<p>Esta ley defiende de despidos injustificados El secretario de Asuntos P\u00fablicos y Pol\u00edtica P\u00fablica, Ram\u00f3n L. Rosario Cortes, anunci\u00f3 la presentaci\u00f3n del proyecto que derogar\u00eda la Ley 80, tal y como la administraci\u00f3n lo acord\u00f3 con la Junta de Control Fiscal. Este proyecto fue ficha de negociaci\u00f3n entre el gobernador Ricardo Rossell\u00f3 y la Junta [&hellip;]<\/p>","protected":false},"author":0,"featured_media":488764,"comment_status":"closed","ping_status":"closed","sticky":false,"template":"","format":"standard","meta":{"_acf_changed":false,"_monsterinsights_skip_tracking":false,"ep_exclude_from_search":false,"footnotes":""},"categories":[4,5,2],"tags":[],"class_list":["post-13940","post","type-post","status-publish","format-standard","has-post-thumbnail","hentry","category-gobierno","category-legislatura","category-ultima-hora"],"acf":[],"aioseo_notices":[],"_links":{"self":[{"href":"https:\/\/noticel.com\/en\/wp-json\/wp\/v2\/posts\/13940","targetHints":{"allow":["GET"]}}],"collection":[{"href":"https:\/\/noticel.com\/en\/wp-json\/wp\/v2\/posts"}],"about":[{"href":"https:\/\/noticel.com\/en\/wp-json\/wp\/v2\/types\/post"}],"replies":[{"embeddable":true,"href":"https:\/\/noticel.com\/en\/wp-json\/wp\/v2\/comments?post=13940"}],"version-history":[{"count":1,"href":"https:\/\/noticel.com\/en\/wp-json\/wp\/v2\/posts\/13940\/revisions"}],"predecessor-version":[{"id":488767,"href":"https:\/\/noticel.com\/en\/wp-json\/wp\/v2\/posts\/13940\/revisions\/488767"}],"wp:featuredmedia":[{"embeddable":true,"href":"https:\/\/noticel.com\/en\/wp-json\/wp\/v2\/media\/488764"}],"wp:attachment":[{"href":"https:\/\/noticel.com\/en\/wp-json\/wp\/v2\/media?parent=13940"}],"wp:term":[{"taxonomy":"category","embeddable":true,"href":"https:\/\/noticel.com\/en\/wp-json\/wp\/v2\/categories?post=13940"},{"taxonomy":"post_tag","embeddable":true,"href":"https:\/\/noticel.com\/en\/wp-json\/wp\/v2\/tags?post=13940"}],"curies":[{"name":"wp","href":"https:\/\/api.w.org\/{rel}","templated":true}]}}