{"id":139130,"date":"2016-09-17T21:15:00","date_gmt":"2016-09-18T01:15:00","guid":{"rendered":"https:\/\/www.noticel.com\/vida\/20160917\/novel-concepto-de-diseno-europeo-llega-a-pr\/"},"modified":"2025-07-26T20:37:04","modified_gmt":"2025-07-26T20:37:04","slug":"novel-concepto-de-diseno-europeo-llega-a-pr","status":"publish","type":"post","link":"https:\/\/noticel.com\/en\/vida-y-bienestar\/20160917\/novel-concepto-de-diseno-europeo-llega-a-pr\/","title":{"rendered":"Novel concepto de dise\u00f1o europeo llega a PR"},"content":{"rendered":"<p>El dise\u00f1o europeo independiente llegar\u00e1 a Puerto Rico el pr\u00f3ximo 22 de octubre con Changing Room, la cita barcelonesa que se celebra desde 2006 en la ciudad espa\u00f1ola y que consiste en que dise\u00f1adores expongan durante un d\u00eda sus trabajos en habitaciones de un hotel.<\/p>\n<p>El impulsor de Changing Room, el catal\u00e1n Luis Vidal, dijo hoy a Efe que el evento, que se celebrar\u00e1 por primera vez en Latinoam\u00e9rica, permitir\u00e1 que el formato exitoso de Barcelona se convierta en Puerto Rico en un referente de la moda independiente europea, proyecto que llega a la isla caribe\u00f1a de manos de sus creadores.<\/p>\n<p>&#8216;La cita permitir\u00e1 que por vez primera se vea dise\u00f1o independiente europeo en Puerto Rico&#8217;, indic\u00f3 Vidal, que es adem\u00e1s un artista de reconocido prestigio en Europa y Am\u00e9rica.<\/p>\n<p>Los visitantes que se acerquen al hotel en el que se celebrar\u00e1 el evento, el TRYP by Wyndham de Isla Verde, una de las playas de San Juan, podr\u00e1n adquirir las creaciones de los dise\u00f1adores, todos con experiencia en el sector pero que mantienen la creatividad de sus productos y ofrecen producciones limitadas, seg\u00fan Vidal.<\/p>\n<p>Dijo que el prop\u00f3sito es inspirar dise\u00f1adores locales y exponer la moda de otros pa\u00edses, 15 dise\u00f1adores de Europa -a los que se suman tambi\u00e9n algunos de Latinoam\u00e9rica y Puerto Rico- que tendr\u00e1n la oportunidad de convertir el hotel en una tienda de moda durante diez horas en un evento por invitaci\u00f3n de los organizadores.<\/p>\n<p>Adem\u00e1s, el evento servir\u00e1 tambi\u00e9n para apoyar una causa ben\u00e9fica, ya que Changing Room en Puerto Rico recaudar\u00e1 fondos para Artz Cure Sarcoma, organizaci\u00f3n que promueve la concienciaci\u00f3n para investigaciones acerca del sarcoma, un tipo de c\u00e1ncer muy raro y letal.<\/p><div class=\"notic-content-middle\" id=\"notic-1339271951\"><div class=\"notic-adlabel\">Advertisements<\/div><a data-no-instant=\"1\" href=\"https:\/\/www.asegurate-bien.com\/\" rel=\"noopener\" class=\"a2t-link\" target=\"_blank\" aria-label=\"Acodese-Adaptaciones-Noticel-300&#215;250\"><img loading=\"lazy\" decoding=\"async\" src=\"https:\/\/cdn.noticel.com\/2026\/05\/30094423\/Acodese-Adaptaciones-Noticel-300x250-1.jpg\" alt=\"\"  srcset=\"https:\/\/cdn.noticel.com\/2026\/05\/30094423\/Acodese-Adaptaciones-Noticel-300x250-1.jpg 300w, https:\/\/cdn.noticel.com\/2026\/05\/30094423\/Acodese-Adaptaciones-Noticel-300x250-1-14x12.jpg 14w\" sizes=\"(max-width: 300px) 100vw, 300px\" width=\"300\" height=\"250\"   \/><\/a><\/div>\n<p>Entre los dise\u00f1adores participantes figuran los espa\u00f1oles Cortana e Isa de Fausto, Susan Wagner de Per\u00fa y los puertorrique\u00f1os Diana Vazquez y Rebeca Tiago, entre otros.<\/p>\n<p>Aunque el evento sea por invitaci\u00f3n, el p\u00fablico podr\u00e1 adquirir las piezas a trav\u00e9s de su sitio online <a href=\"http:\/\/www.changingroompr.com\">www.changingroompr.com<\/a>.<\/p>\n<p>Changing Room naci\u00f3 en 2006 en Barcelona con dos ediciones anuales, &#8216;Fr\u00edo&#8217; en el mes de diciembre y &#8216;Calor&#8217; en el mes de junio, con un formato de diez horas en un d\u00eda, tiempo en el que los visitantes pueden adquirir las creaciones de los dise\u00f1adores.<\/p>\n<p>En cada edici\u00f3n es seleccionada una veintena de dise\u00f1adores a los cuales se les adjudica una habitaci\u00f3n del hotel para que presenten sus creaciones.<\/p>\n<p>Cada habitaci\u00f3n se inunda as\u00ed de creaciones limitadas que muestran lo m\u00e1s novedosos del dise\u00f1o internacional.<\/p>\n<p>Durante los eventos celebrados en Barcelona, que incluyen la actuaci\u00f3n de DJs, se ha registrado una media de visitantes de 2,500 personas.<\/p>","protected":false},"excerpt":{"rendered":"<p>El dise\u00f1o europeo independiente llegar\u00e1 a Puerto Rico el pr\u00f3ximo 22 de octubre con Changing Room, la cita barcelonesa que se celebra desde 2006 en la ciudad espa\u00f1ola y que consiste en que dise\u00f1adores expongan durante un d\u00eda sus trabajos en habitaciones de un hotel. El impulsor de Changing Room, el catal\u00e1n Luis Vidal, dijo [&hellip;]<\/p>","protected":false},"author":0,"featured_media":585457,"comment_status":"closed","ping_status":"closed","sticky":false,"template":"","format":"standard","meta":{"_acf_changed":false,"_monsterinsights_skip_tracking":false,"ep_exclude_from_search":false,"footnotes":""},"categories":[69],"tags":[],"class_list":["post-139130","post","type-post","status-publish","format-standard","has-post-thumbnail","hentry","category-vida-y-bienestar"],"acf":[],"aioseo_notices":[],"_links":{"self":[{"href":"https:\/\/noticel.com\/en\/wp-json\/wp\/v2\/posts\/139130","targetHints":{"allow":["GET"]}}],"collection":[{"href":"https:\/\/noticel.com\/en\/wp-json\/wp\/v2\/posts"}],"about":[{"href":"https:\/\/noticel.com\/en\/wp-json\/wp\/v2\/types\/post"}],"replies":[{"embeddable":true,"href":"https:\/\/noticel.com\/en\/wp-json\/wp\/v2\/comments?post=139130"}],"version-history":[{"count":1,"href":"https:\/\/noticel.com\/en\/wp-json\/wp\/v2\/posts\/139130\/revisions"}],"predecessor-version":[{"id":585480,"href":"https:\/\/noticel.com\/en\/wp-json\/wp\/v2\/posts\/139130\/revisions\/585480"}],"wp:featuredmedia":[{"embeddable":true,"href":"https:\/\/noticel.com\/en\/wp-json\/wp\/v2\/media\/585457"}],"wp:attachment":[{"href":"https:\/\/noticel.com\/en\/wp-json\/wp\/v2\/media?parent=139130"}],"wp:term":[{"taxonomy":"category","embeddable":true,"href":"https:\/\/noticel.com\/en\/wp-json\/wp\/v2\/categories?post=139130"},{"taxonomy":"post_tag","embeddable":true,"href":"https:\/\/noticel.com\/en\/wp-json\/wp\/v2\/tags?post=139130"}],"curies":[{"name":"wp","href":"https:\/\/api.w.org\/{rel}","templated":true}]}}