{"id":139013,"date":"2016-10-18T16:02:00","date_gmt":"2016-10-18T20:02:00","guid":{"rendered":"https:\/\/www.noticel.com\/ahora\/cannabis\/politica\/20161018\/rossello-favorece-regular-la-marihuana-medicinal\/"},"modified":"2025-07-29T17:11:37","modified_gmt":"2025-07-29T17:11:37","slug":"rossello-favorece-regular-la-marihuana-medicinal","status":"publish","type":"post","link":"https:\/\/noticel.com\/en\/ultima-hora\/20161018\/rossello-favorece-regular-la-marihuana-medicinal\/","title":{"rendered":"Rossell\u00f3 favorece regular la marihuana medicinal"},"content":{"rendered":"<p>El presidente del Partido Nuevo Progresista (PNP) y candidato a la gobernaci\u00f3n de Puerto Rico, Dr. Ricardo Rossell\u00f3 Nevares, compareci\u00f3 a un foro auspiciado por la organizaci\u00f3n MedCann, en el cual detall\u00f3 la pol\u00edtica p\u00fablica que su administraci\u00f3n establecer\u00e1 para reglamentar el uso del cannabis para fines medicinales.<\/p>\n<p>El l\u00edder estadista indic\u00f3 que &#8216;hemos sido claros en que no favorecemos la legalizaci\u00f3n de la marihuana para fines recreativos. No obstante, s\u00ed fomentaremos el desarrollo de tratamientos m\u00e9dicos utilizando productos derivados de esa planta. A esos efectos, se aprobar\u00e1 e implementar\u00e1 la Ley para el Programa de Investigaci\u00f3n, Regulaci\u00f3n y Dispensaci\u00f3n del Cannabis Medicinal para Pacientes Certificados&#8217;.<\/p><div class=\"notic-content-middle\" id=\"notic-1658065313\"><div class=\"notic-adlabel\">Advertisements<\/div><a data-no-instant=\"1\" href=\"https:\/\/qrco.de\/bgxd5v\" rel=\"noopener\" class=\"a2t-link\" target=\"_blank\" aria-label=\"DisplayAd-728&#215;903\"><img loading=\"lazy\" decoding=\"async\" src=\"https:\/\/cdn.noticel.com\/2026\/09\/02195509\/DisplayAd-728x903-1.jpg\" alt=\"\"  srcset=\"https:\/\/cdn.noticel.com\/2026\/09\/02195509\/DisplayAd-728x903-1.jpg 728w, https:\/\/cdn.noticel.com\/2026\/09\/02195509\/DisplayAd-728x903-1-300x37.jpg 300w, https:\/\/cdn.noticel.com\/2026\/09\/02195509\/DisplayAd-728x903-1-18x2.jpg 18w\" sizes=\"(max-width: 728px) 100vw, 728px\" width=\"728\" height=\"90\"   \/><\/a><\/div>\n<p>Rossell\u00f3 explic\u00f3 que &#8216;se establecer\u00e1n los estatutos para la regulaci\u00f3n de los productos de c\u00e1\u00f1amo medicinal, identificando de forma clara la diferencia entre productos derivados de cannabis y productos de c\u00e1\u00f1amo medicinal. Una vez aprobado el nuevo marco regulatorio, se adoptar\u00e1 como la pol\u00edtica p\u00fablica del gobierno para efectos de la dispensaci\u00f3n del Cannabis Medicinal&#8217;.<\/p>\n<p>El aspirante a la gobernaci\u00f3n concluy\u00f3 expresando que &#8216;nuestro compromiso es definir un marco legal claro, preciso, que uniforme los requisitos y las protecciones necesarias para el desarrollo de una industria del cannabis medicinal, para pacientes que se puedan beneficiar de ese tipo de tratamiento. Puerto Rico puede convertirse en un importante centro para la investigaci\u00f3n cient\u00edfica de productos medicinales del cannabis&#8217;.<\/p>","protected":false},"excerpt":{"rendered":"<p>El presidente del Partido Nuevo Progresista (PNP) y candidato a la gobernaci\u00f3n de Puerto Rico, Dr. Ricardo Rossell\u00f3 Nevares, compareci\u00f3 a un foro auspiciado por la organizaci\u00f3n MedCann, en el cual detall\u00f3 la pol\u00edtica p\u00fablica que su administraci\u00f3n establecer\u00e1 para reglamentar el uso del cannabis para fines medicinales. El l\u00edder estadista indic\u00f3 que &#8216;hemos sido [&hellip;]<\/p>","protected":false},"author":0,"featured_media":610068,"comment_status":"closed","ping_status":"closed","sticky":false,"template":"","format":"standard","meta":{"_acf_changed":false,"_monsterinsights_skip_tracking":false,"ep_exclude_from_search":false,"footnotes":""},"categories":[7,2],"tags":[],"class_list":["post-139013","post","type-post","status-publish","format-standard","has-post-thumbnail","hentry","category-politica","category-ultima-hora"],"acf":[],"aioseo_notices":[],"_links":{"self":[{"href":"https:\/\/noticel.com\/en\/wp-json\/wp\/v2\/posts\/139013","targetHints":{"allow":["GET"]}}],"collection":[{"href":"https:\/\/noticel.com\/en\/wp-json\/wp\/v2\/posts"}],"about":[{"href":"https:\/\/noticel.com\/en\/wp-json\/wp\/v2\/types\/post"}],"replies":[{"embeddable":true,"href":"https:\/\/noticel.com\/en\/wp-json\/wp\/v2\/comments?post=139013"}],"version-history":[{"count":1,"href":"https:\/\/noticel.com\/en\/wp-json\/wp\/v2\/posts\/139013\/revisions"}],"predecessor-version":[{"id":610077,"href":"https:\/\/noticel.com\/en\/wp-json\/wp\/v2\/posts\/139013\/revisions\/610077"}],"wp:featuredmedia":[{"embeddable":true,"href":"https:\/\/noticel.com\/en\/wp-json\/wp\/v2\/media\/610068"}],"wp:attachment":[{"href":"https:\/\/noticel.com\/en\/wp-json\/wp\/v2\/media?parent=139013"}],"wp:term":[{"taxonomy":"category","embeddable":true,"href":"https:\/\/noticel.com\/en\/wp-json\/wp\/v2\/categories?post=139013"},{"taxonomy":"post_tag","embeddable":true,"href":"https:\/\/noticel.com\/en\/wp-json\/wp\/v2\/tags?post=139013"}],"curies":[{"name":"wp","href":"https:\/\/api.w.org\/{rel}","templated":true}]}}