{"id":138932,"date":"2016-11-09T13:28:00","date_gmt":"2016-11-09T17:28:00","guid":{"rendered":"https:\/\/www.noticel.com\/cuidate\/vida\/20161109\/prevenibles-las-enfermedades-que-aquejan-a-los-baby-boomers-documento\/"},"modified":"2025-07-18T10:05:46","modified_gmt":"2025-07-18T10:05:46","slug":"prevenibles-las-enfermedades-que-aquejan-a-los-baby-boomers-documento","status":"publish","type":"post","link":"https:\/\/noticel.com\/en\/vida-y-bienestar\/20161109\/prevenibles-las-enfermedades-que-aquejan-a-los-baby-boomers-documento\/","title":{"rendered":"Prevenibles las enfermedades que aquejan a los &#8216;baby boomers&#8217; (documento)"},"content":{"rendered":"<p>Un equipo de investigadores de la Escuela Graduada de Salud P\u00fablica (EGSP) del Recinto de Ciencias Medicas (RCM) de la Universidad de Puerto Rico (UPR) present\u00f3 el Perfil de Salud de las Personas de 50 a 64 a\u00f1os en Puerto Rico en 2013, que revel\u00f3 que un gran por ciento de las enfermedades cr\u00f3nicas que padece esta poblaci\u00f3n pueden ser prevenidas.<\/p>\n<p>&#8216;Los datos presentados en este informe contrastan grandemente con la percepci\u00f3n de que los \u2018Baby Boomers&#8217; son un grupo diferente, que van a llegar a los 65 a\u00f1os saludables y sin problemas f\u00edsicos. Debido a la asociaci\u00f3n entre la edad y el aumento de morbilidades, esta poblaci\u00f3n de mediana edad es considerada como un riesgo de salud emergente. Adem\u00e1s, este periodo de la adultez es considerado como un momento clave para prevenci\u00f3n de las enfermedades cr\u00f3nicas que frecuentemente afectan a la poblaci\u00f3n de adultos mayores&#8217;, expres\u00f3 en declaraciones escritas el doctor Jos\u00e9 Carri\u00f3n Baralt, director del estudio y catedr\u00e1tico asociado de la Escuela Graduada de Salud P\u00fablica del RCM.<\/p>\n<p>Indic\u00f3 que las cinco enfermedades de mayor prevalencia en este grupo de edad fueron la hipertensi\u00f3n (49.8 por ciento), des\u00f3rdenes de metabolismo de l\u00edpidos (41.5 por ciento), diabetes (34.3 por ciento), hipotiroidismo (24.4 por ciento) e infecci\u00f3n del tracto urinario (20.3 por ciento).<\/p>\n<p>El experto adem\u00e1s se\u00f1al\u00f3 que el estudio refleja que la prevalencia de diabetes en la Isla fue significativamente mayor que la reportada en Estados Unidos que obtuvo un 12.0 por ciento para el grupo de 45-64 a\u00f1os, el m\u00e1s parecido a la muestra de este estudio.<\/p><div class=\"notic-content-middle\" id=\"notic-1498771056\"><div class=\"notic-adlabel\">Advertisements<\/div><a data-no-instant=\"1\" href=\"https:\/\/www.cst.pr.gov\/\" rel=\"noopener\" class=\"a2t-link\" target=\"_blank\" aria-label=\"300&#215;600\"><img loading=\"lazy\" decoding=\"async\" src=\"https:\/\/cdn.noticel.com\/2026\/09\/02203205\/300x600-1.jpg\" alt=\"\"  srcset=\"https:\/\/cdn.noticel.com\/2026\/09\/02203205\/300x600-1.jpg 300w, https:\/\/cdn.noticel.com\/2026\/09\/02203205\/300x600-1-150x300.jpg 150w, https:\/\/cdn.noticel.com\/2026\/09\/02203205\/300x600-1-6x12.jpg 6w\" sizes=\"(max-width: 300px) 100vw, 300px\" width=\"300\" height=\"600\"   \/><\/a><\/div>\n<p>Asimismo, explic\u00f3 que este trabajo investigativo es un an\u00e1lisis secundario de una base de datos compilada por el Departamento de Salud de Puerto Rico, la cual comprende informaci\u00f3n sobre la utilizaci\u00f3n de servicios de salud facturados por la mayor\u00eda de las aseguradoras del pa\u00eds durante el calendario 2013. Estos datos cubren 12 millones 343 mil 743 reclamaciones de 519,860 asegurados, con una edad promedio de 57.03 a\u00f1os y un n\u00famero promedio de reclamaciones por asegurado de 23.74.<\/p>\n<p>&#8216;Se recomienda fomentar el desarrollo de pol\u00edtica p\u00fablica, enfocado en la promoci\u00f3n de salud en las personas de 50 a 64 a\u00f1os de edad, con el fin de que esta poblaci\u00f3n tenga un mejor control de su salud y que esto redunde en una mejor calidad de vida en la vejez. Los servicios de salud deben estar centrados en la prevenci\u00f3n, detecci\u00f3n temprana y tratamiento de las enfermedades m\u00e1s prevalentes. La diabetes merece particular atenci\u00f3n, dado que la prevalencia en esta muestra relativamente joven fue mucho m\u00e1s alta que la reportada en Estados Unidos&#8217;, concluy\u00f3 Carri\u00f3n Baralt.<\/p>\n<p><a href=\"https:\/\/media.noticel.com\/o2com-noti-media-us-east-1\/document_dev\/2017\/08\/23\/71e4d46bbc73030156dbd246d8a64403_8160519_ver1.0.pdf\" target=\"_blank\"> Perfil Salud Baby Boomers PR 2013 &#8211; NotiCel_21868<\/a><\/p>","protected":false},"excerpt":{"rendered":"<p>Un equipo de investigadores de la Escuela Graduada de Salud P\u00fablica (EGSP) del Recinto de Ciencias Medicas (RCM) de la Universidad de Puerto Rico (UPR) present\u00f3 el Perfil de Salud de las Personas de 50 a 64 a\u00f1os en Puerto Rico en 2013, que revel\u00f3 que un gran por ciento de las enfermedades cr\u00f3nicas que [&hellip;]<\/p>","protected":false},"author":0,"featured_media":513788,"comment_status":"closed","ping_status":"closed","sticky":false,"template":"","format":"standard","meta":{"_acf_changed":false,"_monsterinsights_skip_tracking":false,"ep_exclude_from_search":false,"footnotes":""},"categories":[69],"tags":[],"class_list":["post-138932","post","type-post","status-publish","format-standard","has-post-thumbnail","hentry","category-vida-y-bienestar"],"acf":[],"aioseo_notices":[],"_links":{"self":[{"href":"https:\/\/noticel.com\/en\/wp-json\/wp\/v2\/posts\/138932","targetHints":{"allow":["GET"]}}],"collection":[{"href":"https:\/\/noticel.com\/en\/wp-json\/wp\/v2\/posts"}],"about":[{"href":"https:\/\/noticel.com\/en\/wp-json\/wp\/v2\/types\/post"}],"replies":[{"embeddable":true,"href":"https:\/\/noticel.com\/en\/wp-json\/wp\/v2\/comments?post=138932"}],"version-history":[{"count":1,"href":"https:\/\/noticel.com\/en\/wp-json\/wp\/v2\/posts\/138932\/revisions"}],"predecessor-version":[{"id":513793,"href":"https:\/\/noticel.com\/en\/wp-json\/wp\/v2\/posts\/138932\/revisions\/513793"}],"wp:featuredmedia":[{"embeddable":true,"href":"https:\/\/noticel.com\/en\/wp-json\/wp\/v2\/media\/513788"}],"wp:attachment":[{"href":"https:\/\/noticel.com\/en\/wp-json\/wp\/v2\/media?parent=138932"}],"wp:term":[{"taxonomy":"category","embeddable":true,"href":"https:\/\/noticel.com\/en\/wp-json\/wp\/v2\/categories?post=138932"},{"taxonomy":"post_tag","embeddable":true,"href":"https:\/\/noticel.com\/en\/wp-json\/wp\/v2\/tags?post=138932"}],"curies":[{"name":"wp","href":"https:\/\/api.w.org\/{rel}","templated":true}]}}