{"id":138599,"date":"2017-01-27T13:18:00","date_gmt":"2017-01-27T17:18:00","guid":{"rendered":"https:\/\/www.noticel.com\/ahora\/credito-de-pr\/economia\/junta-fiscal\/20170127\/desmantelar-comision-de-auditoria-de-deuda-sirve-para-encubrir-ilegalidades\/"},"modified":"2025-07-23T04:19:20","modified_gmt":"2025-07-23T04:19:20","slug":"desmantelar-comision-de-auditoria-de-deuda-sirve-para-encubrir-ilegalidades","status":"publish","type":"post","link":"https:\/\/noticel.com\/en\/ultima-hora\/20170127\/desmantelar-comision-de-auditoria-de-deuda-sirve-para-encubrir-ilegalidades\/","title":{"rendered":"Desmantelar comisi\u00f3n de auditor\u00eda de deuda sirve para encubrir ilegalidades"},"content":{"rendered":"<p>Luego de que el gobernador Ricardo Rossell\u00f3 emitiera el pasado martes una orden de destituci\u00f3n a todos los comisionados representantes del interes p\u00fablico de la Comisi\u00f3n para la Auditoria Integral del Credito P\u00fablico, el presidente de la Comisi\u00f3n, Roberto Pag\u00e1n Rodr\u00edguez, insisti\u00f3 hoy en conferencia de prensa la importancia y vigencia de la auditoria de la deuda p\u00fablica para el pueblo puertorrique\u00f1o.<\/p>\n<p>&#8216;El desmantelamiento de la comisi\u00f3n de auditor\u00eda de la deuda p\u00fablica le negar\u00eda al pueblo puertorrique\u00f1o su derecho a conocer las condiciones que se pactaron para endeudar al pa\u00eds, si hubo violaciones a la Constituci\u00f3n, qui\u00e9nes fueron los responsables de la crisis financiera y qui\u00e9nes \u2013si alguno \u2013 se benefici\u00f3 ilegalmente de la bancarrota del estado&#8217;, sostuvo el presidente.<\/p>\n<p>A su vez le acompa\u00f1aron Irma Hilerio Arroyo, l\u00edder cooperativista y el Dr. Jos\u00e9 Gonz\u00e1lez Taboada, quienes coincidieron que la orden del primer ejecutivo negar\u00e1 la independencia pol\u00edtica y &#8216;los que nombren van a responder a los intereses pol\u00edticos de la nueva administraci\u00f3n&#8217;.<\/p>\n<p>La Comisi\u00f3n est\u00e1 compuesta por representantes de las instituciones financieras, cooperativas, acad\u00e9micos y sindicatos as\u00ed como funcionarios electos y fue creada por virtud de la Ley 97 (de julio de 2015) que mandata que se audite de manera rigurosa y transparente la deuda p\u00fablica y se determine la cantidad que realmente corresponde pagar.<\/p>\n<p>Pag\u00e1n se reafirm\u00f3 en que la Comisi\u00f3n que preside est\u00e1 adscrita a la rama legislativa por lo que la orden del Gobernador violar\u00eda la separaci\u00f3n de poderes consignada en la Constituci\u00f3n y por tanto es nula. De igual forma, advirti\u00f3 que hay legislaci\u00f3n radicada dirigida a retirarle los recursos econ\u00f3micos a la Comisi\u00f3n.<\/p>\n<p>Por ello, solicitan una reuni\u00f3n con el presidente del Senado, Thomas Rivera Schatz, y el presidente de la C\u00e1mara de Representantes, Carlos M\u00e9ndez N\u00fa\u00f1ez, para reconsiderar la acci\u00f3n del gobernador ya que &#8216;restarle importancia a la auditoria es un error may\u00fasculo&#8217;, agreg\u00f3 Pag\u00e1n.<\/p><div class=\"notic-content-middle\" id=\"notic-1339048565\"><div class=\"notic-adlabel\">Advertisements<\/div><a data-no-instant=\"1\" href=\"https:\/\/www.asegurate-bien.com\/\" rel=\"noopener\" class=\"a2t-link\" target=\"_blank\" aria-label=\"Acodese-Adaptaciones-Noticel-300&#215;250\"><img loading=\"lazy\" decoding=\"async\" src=\"https:\/\/cdn.noticel.com\/2026\/05\/30094423\/Acodese-Adaptaciones-Noticel-300x250-1.jpg\" alt=\"\"  srcset=\"https:\/\/cdn.noticel.com\/2026\/05\/30094423\/Acodese-Adaptaciones-Noticel-300x250-1.jpg 300w, https:\/\/cdn.noticel.com\/2026\/05\/30094423\/Acodese-Adaptaciones-Noticel-300x250-1-14x12.jpg 14w\" sizes=\"(max-width: 300px) 100vw, 300px\" width=\"300\" height=\"250\"   \/><\/a><\/div>\n<p>Sin embargo, el presidente afirm\u00f3 que la Comisi\u00f3n lleva varios meses pidiendo una reuni\u00f3n con la Junta de Control Fiscal (JCF) pero el organismo ha recibido la petici\u00f3n sin dar respuesta. &#8216;La propia Junta ha expresado la importancia de una auditoria forense&#8217;, concluy\u00f3 Gonz\u00e1lez Taboada.<\/p>\n<p>Seg\u00fan Pag\u00e1n, la Comisi\u00f3n ha contratado al bufete californiano, Macias, Gini &lt;&gt;&lt;&gt;&lt;&gt;&lt;&gt;&amp; O&#8217;Connell (MGO), para que audite las \u00faltimas cuatro emisiones de deuda y conteste las interrogantes que surgieron de los estudios de pre auditor\u00eda que se realizaron hace unos meses. En estas se destacaron posibles violaciones a disposiciones constitucionales, practicas irresponsables de contabilidad y el incumplimiento con los est\u00e1ndares \u00e9ticos y legales, de la industria de parte de quienes intervinieron en emisiones de bonos, tales como suscriptores (underwriters), compa\u00f1\u00edas evaluadoras de cr\u00e9dito (Standard and Poors y Moodys), auditores, bufetes de abogados, el Banco Gubernamental de Fomento (BGF), y otras agencias de gobierno.\/p<\/p>\n<p>p<\/p>\n<p>&#8216;El resultado neto de la acci\u00f3n del Gobernador es que paraliza el proceso que se dispon\u00eda a comenzar la firma de auditores, dada la incertidumbre que crea ante estos y cualquier proveedor de servicios a la Comisi\u00f3n&#8217;, concluy\u00f3 Pag\u00e1n.\/p<\/p>\n<p>p<\/p>\n<p>Los comisionados, representantes del inter\u00e9s p\u00fablico, que recibieron la carta de destituci\u00f3n del Gobernador fueron: Dr. Jos\u00e9 Alameda, catedr\u00e1tico en econom\u00eda; Dr. Juan Lorenzo Mart\u00ednez, catedr\u00e1tico en estad\u00edsticas; Hilero Arroyo, l\u00edder cooperativista; Zoim\u00e9 \u00c1lvarez Rubio, del sector bancario; Gonz\u00e1lez Taboada, profesor de finanzas; Dr. Hiram Mel\u00e9ndez profesor de derecho constitucional y Pag\u00e1n, l\u00edder sindical.<\/p>","protected":false},"excerpt":{"rendered":"<p>Luego de que el gobernador Ricardo Rossell\u00f3 emitiera el pasado martes una orden de destituci\u00f3n a todos los comisionados representantes del interes p\u00fablico de la Comisi\u00f3n para la Auditoria Integral del Credito P\u00fablico, el presidente de la Comisi\u00f3n, Roberto Pag\u00e1n Rodr\u00edguez, insisti\u00f3 hoy en conferencia de prensa la importancia y vigencia de la auditoria de [&hellip;]<\/p>","protected":false},"author":0,"featured_media":562887,"comment_status":"closed","ping_status":"closed","sticky":false,"template":"","format":"standard","meta":{"_acf_changed":false,"_monsterinsights_skip_tracking":false,"ep_exclude_from_search":false,"footnotes":""},"categories":[22,2],"tags":[],"class_list":["post-138599","post","type-post","status-publish","format-standard","has-post-thumbnail","hentry","category-economia","category-ultima-hora"],"acf":[],"aioseo_notices":[],"_links":{"self":[{"href":"https:\/\/noticel.com\/en\/wp-json\/wp\/v2\/posts\/138599","targetHints":{"allow":["GET"]}}],"collection":[{"href":"https:\/\/noticel.com\/en\/wp-json\/wp\/v2\/posts"}],"about":[{"href":"https:\/\/noticel.com\/en\/wp-json\/wp\/v2\/types\/post"}],"replies":[{"embeddable":true,"href":"https:\/\/noticel.com\/en\/wp-json\/wp\/v2\/comments?post=138599"}],"version-history":[{"count":1,"href":"https:\/\/noticel.com\/en\/wp-json\/wp\/v2\/posts\/138599\/revisions"}],"predecessor-version":[{"id":562888,"href":"https:\/\/noticel.com\/en\/wp-json\/wp\/v2\/posts\/138599\/revisions\/562888"}],"wp:featuredmedia":[{"embeddable":true,"href":"https:\/\/noticel.com\/en\/wp-json\/wp\/v2\/media\/562887"}],"wp:attachment":[{"href":"https:\/\/noticel.com\/en\/wp-json\/wp\/v2\/media?parent=138599"}],"wp:term":[{"taxonomy":"category","embeddable":true,"href":"https:\/\/noticel.com\/en\/wp-json\/wp\/v2\/categories?post=138599"},{"taxonomy":"post_tag","embeddable":true,"href":"https:\/\/noticel.com\/en\/wp-json\/wp\/v2\/tags?post=138599"}],"curies":[{"name":"wp","href":"https:\/\/api.w.org\/{rel}","templated":true}]}}