{"id":13770,"date":"2018-05-02T00:00:00","date_gmt":"2018-05-02T04:00:00","guid":{"rendered":"http:\/\/www.noticel.com\/la-calle\/video\/20180502\/advirtieron-a-la-policia-sobre-violaciones-a-la-reforma-policiaca\/"},"modified":"2025-07-17T01:56:42","modified_gmt":"2025-07-17T01:56:42","slug":"advirtieron-a-la-policia-sobre-violaciones-a-la-reforma-policiaca","status":"publish","type":"post","link":"https:\/\/noticel.com\/en\/noticias\/la-calle\/20180502\/advirtieron-a-la-policia-sobre-violaciones-a-la-reforma-policiaca\/","title":{"rendered":"Advirtieron a la Polic\u00eda sobre violaciones a la Reforma Polic\u00edaca"},"content":{"rendered":"<p><i>Durante el Paro Nacional del 1 de mayo<\/i><\/p><div class=\"notic-content-middle\" id=\"notic-2740229380\"><div class=\"notic-adlabel\">Advertisements<\/div><a data-no-instant=\"1\" href=\"https:\/\/qrco.de\/bgxd5v\" rel=\"noopener\" class=\"a2t-link\" target=\"_blank\" aria-label=\"DisplayAds-970&#215;2503\"><img loading=\"lazy\" decoding=\"async\" src=\"https:\/\/cdn.noticel.com\/2026\/09\/02201056\/DisplayAds-970x2503-1.jpg\" alt=\"\"  srcset=\"https:\/\/cdn.noticel.com\/2026\/09\/02201056\/DisplayAds-970x2503-1.jpg 970w, https:\/\/cdn.noticel.com\/2026\/09\/02201056\/DisplayAds-970x2503-1-300x77.jpg 300w, https:\/\/cdn.noticel.com\/2026\/09\/02201056\/DisplayAds-970x2503-1-768x198.jpg 768w, https:\/\/cdn.noticel.com\/2026\/09\/02201056\/DisplayAds-970x2503-1-18x5.jpg 18w\" sizes=\"(max-width: 970px) 100vw, 970px\" width=\"970\" height=\"250\"   \/><\/a><\/div>\n<p>La confrontaci\u00f3nentre manifestantes y polic\u00edas el primero de mayo se fue &#8216;cocinando&#8217;desde la ma\u00f1ana. Aunque observadores hablaron con altos oficiales paraadvertirles de violaciones a la Reforma Policiaca, se limitaron a reconocer que \u00abla clave\u00bb era el secretario del Departamento de Seguridad P\u00fablica (DSP), H\u00e9ctor Pesquera&#8230;.<\/p>\n<p><iframe loading=\"lazy\" title=\"Advirtieron a la Polic\u00eda sobre violaciones a la Reforma Polic\u00edaca\" width=\"500\" height=\"281\" src=\"https:\/\/www.youtube.com\/embed\/hfGofkixz7U?feature=oembed\" frameborder=\"0\" allow=\"accelerometer; autoplay; clipboard-write; encrypted-media; gyroscope; picture-in-picture; web-share\" referrerpolicy=\"strict-origin-when-cross-origin\" allowfullscreen><\/iframe><\/p>","protected":false},"excerpt":{"rendered":"<p>Durante el Paro Nacional del 1 de mayo La confrontaci\u00f3nentre manifestantes y polic\u00edas el primero de mayo se fue &#8216;cocinando&#8217;desde la ma\u00f1ana. Aunque observadores hablaron con altos oficiales paraadvertirles de violaciones a la Reforma Policiaca, se limitaron a reconocer que \u00abla clave\u00bb era el secretario del Departamento de Seguridad P\u00fablica (DSP), H\u00e9ctor Pesquera&#8230;.<\/p>","protected":false},"author":0,"featured_media":489811,"comment_status":"closed","ping_status":"closed","sticky":false,"template":"","format":"standard","meta":{"_acf_changed":false,"_monsterinsights_skip_tracking":false,"ep_exclude_from_search":false,"footnotes":""},"categories":[12,61],"tags":[],"class_list":["post-13770","post","type-post","status-publish","format-standard","has-post-thumbnail","hentry","category-la-calle","category-video"],"acf":[],"aioseo_notices":[],"_links":{"self":[{"href":"https:\/\/noticel.com\/en\/wp-json\/wp\/v2\/posts\/13770","targetHints":{"allow":["GET"]}}],"collection":[{"href":"https:\/\/noticel.com\/en\/wp-json\/wp\/v2\/posts"}],"about":[{"href":"https:\/\/noticel.com\/en\/wp-json\/wp\/v2\/types\/post"}],"replies":[{"embeddable":true,"href":"https:\/\/noticel.com\/en\/wp-json\/wp\/v2\/comments?post=13770"}],"version-history":[{"count":1,"href":"https:\/\/noticel.com\/en\/wp-json\/wp\/v2\/posts\/13770\/revisions"}],"predecessor-version":[{"id":489812,"href":"https:\/\/noticel.com\/en\/wp-json\/wp\/v2\/posts\/13770\/revisions\/489812"}],"wp:featuredmedia":[{"embeddable":true,"href":"https:\/\/noticel.com\/en\/wp-json\/wp\/v2\/media\/489811"}],"wp:attachment":[{"href":"https:\/\/noticel.com\/en\/wp-json\/wp\/v2\/media?parent=13770"}],"wp:term":[{"taxonomy":"category","embeddable":true,"href":"https:\/\/noticel.com\/en\/wp-json\/wp\/v2\/categories?post=13770"},{"taxonomy":"post_tag","embeddable":true,"href":"https:\/\/noticel.com\/en\/wp-json\/wp\/v2\/tags?post=13770"}],"curies":[{"name":"wp","href":"https:\/\/api.w.org\/{rel}","templated":true}]}}