{"id":135996,"date":"2020-06-09T16:20:00","date_gmt":"2020-06-09T20:20:00","guid":{"rendered":"https:\/\/www.noticel.com\/ahora\/gobierno\/20200609\/alcalde-de-bayamon-es-sometido-a-tratamiento-medico\/"},"modified":"2025-07-20T00:40:46","modified_gmt":"2025-07-20T00:40:46","slug":"alcalde-de-bayamon-es-sometido-a-tratamiento-medico","status":"publish","type":"post","link":"https:\/\/noticel.com\/en\/ultima-hora\/20200609\/alcalde-de-bayamon-es-sometido-a-tratamiento-medico\/","title":{"rendered":"Alcalde de Bayam\u00f3n es sometido a tratamiento m\u00e9dico"},"content":{"rendered":"<h3>El primer ejecutivo municipal deber\u00eda reincorporarse a sus funciones diarias en los pr\u00f3ximos d\u00edas tras un procedimiento para colocarle una  malla met\u00e1lica en una arteria.<\/h3>\n<p>El alcalde de Bayam\u00f3n, Ram\u00f3n Luis Rivera Cruz, fue sometido el martes, a varios procedimientos m\u00e9dicos que incluyeron un cateterismo y la colocaci\u00f3n de un \u201cstent\u201d en una de sus arterias.<\/p>\n<p>\u201cTodo sali\u00f3 muy bien gracias a Dios y los m\u00e9dicos quieren asegurarse de que tome varios d\u00edas de reposo, pues todos conocen el ritmo de trabajo a que est\u00e1 acostumbrado el alcalde\u201d, afirm\u00f3 Migdalia Rivera, su oficial de prensa.<\/p>\n<p>Inform\u00f3 tambi\u00e9n que el alcalde permanecer\u00e1 en descanso absoluto en el Hospital San Pablo de Bayam\u00f3n, por recomendaci\u00f3n m\u00e9dica.<\/p>\n<p>Espera que el alcalde se reincorpore pr\u00f3ximamente a sus funciones diarias.<\/p>","protected":false},"excerpt":{"rendered":"<p>El primer ejecutivo municipal deber\u00eda reincorporarse a sus funciones diarias en los pr\u00f3ximos d\u00edas tras un procedimiento para colocarle una malla met\u00e1lica en una arteria. El alcalde de Bayam\u00f3n, Ram\u00f3n Luis Rivera Cruz, fue sometido el martes, a varios procedimientos m\u00e9dicos que incluyeron un cateterismo y la colocaci\u00f3n de un \u201cstent\u201d en una de sus [&hellip;]<\/p>","protected":false},"author":0,"featured_media":530764,"comment_status":"closed","ping_status":"closed","sticky":false,"template":"","format":"standard","meta":{"_acf_changed":false,"_monsterinsights_skip_tracking":false,"ep_exclude_from_search":false,"footnotes":""},"categories":[4,2],"tags":[],"class_list":["post-135996","post","type-post","status-publish","format-standard","has-post-thumbnail","hentry","category-gobierno","category-ultima-hora"],"acf":[],"aioseo_notices":[],"_links":{"self":[{"href":"https:\/\/noticel.com\/en\/wp-json\/wp\/v2\/posts\/135996","targetHints":{"allow":["GET"]}}],"collection":[{"href":"https:\/\/noticel.com\/en\/wp-json\/wp\/v2\/posts"}],"about":[{"href":"https:\/\/noticel.com\/en\/wp-json\/wp\/v2\/types\/post"}],"replies":[{"embeddable":true,"href":"https:\/\/noticel.com\/en\/wp-json\/wp\/v2\/comments?post=135996"}],"version-history":[{"count":1,"href":"https:\/\/noticel.com\/en\/wp-json\/wp\/v2\/posts\/135996\/revisions"}],"predecessor-version":[{"id":530765,"href":"https:\/\/noticel.com\/en\/wp-json\/wp\/v2\/posts\/135996\/revisions\/530765"}],"wp:featuredmedia":[{"embeddable":true,"href":"https:\/\/noticel.com\/en\/wp-json\/wp\/v2\/media\/530764"}],"wp:attachment":[{"href":"https:\/\/noticel.com\/en\/wp-json\/wp\/v2\/media?parent=135996"}],"wp:term":[{"taxonomy":"category","embeddable":true,"href":"https:\/\/noticel.com\/en\/wp-json\/wp\/v2\/categories?post=135996"},{"taxonomy":"post_tag","embeddable":true,"href":"https:\/\/noticel.com\/en\/wp-json\/wp\/v2\/tags?post=135996"}],"curies":[{"name":"wp","href":"https:\/\/api.w.org\/{rel}","templated":true}]}}