{"id":135710,"date":"2016-02-26T09:56:00","date_gmt":"2016-02-26T13:56:00","guid":{"rendered":"http:\/\/www.noticel.com\/hack\/20160226\/facebook-permitira-retransmitir-videos-en-directo\/"},"modified":"2025-07-24T03:33:12","modified_gmt":"2025-07-24T03:33:12","slug":"facebook-permitira-retransmitir-videos-en-directo","status":"publish","type":"post","link":"https:\/\/noticel.com\/en\/mas\/otros\/20160226\/facebook-permitira-retransmitir-videos-en-directo\/","title":{"rendered":"Facebook permitir\u00e1 retransmitir v\u00eddeos en directo"},"content":{"rendered":"<p>El consejero delegado de Facebook, Mark Zuckerberg, anunci\u00f3 hoy que probablemente el mes que viene la red social incorpore a nivel mundial la posibilidad de retransmitir en directo para todos sus usuarios.<\/p>\n<p>Zuckerberg avanz\u00f3 esta nueva herramienta de Facebook en un encuentro en Berl\u00edn en el que se someti\u00f3 a las preguntas del p\u00fablico, y en el que explic\u00f3 que la empresa lleva algunos meses haciendo pruebas con este sistema.<\/p>\n<p>&#8216;El objetivo no es que unos pocos puedan transmitir en directo. Queremos que todo el mundo tenga ese poder en su bolsillo&#8217;, asegur\u00f3 el cofundador de Facebook.<\/p>\n<p>Adem\u00e1s, agreg\u00f3 que la nueva herramienta, que estar\u00e1 disponible en los sistemas operativos iOS de Apple y Android, empezar\u00e1 a funcionar &#8216;con suerte el mes que viene&#8217;.<\/p><div class=\"notic-content-middle\" id=\"notic-1556339920\"><div class=\"notic-adlabel\">Advertisements<\/div><a data-no-instant=\"1\" href=\"https:\/\/www.asegurate-bien.com\/\" rel=\"noopener\" class=\"a2t-link\" target=\"_blank\" aria-label=\"Acodese-Adaptaciones-Noticel-970&#215;250\"><img loading=\"lazy\" decoding=\"async\" src=\"https:\/\/cdn.noticel.com\/2026\/05\/30100504\/Acodese-Adaptaciones-Noticel-970x250-1.jpg\" alt=\"\"  srcset=\"https:\/\/cdn.noticel.com\/2026\/05\/30100504\/Acodese-Adaptaciones-Noticel-970x250-1.jpg 970w, https:\/\/cdn.noticel.com\/2026\/05\/30100504\/Acodese-Adaptaciones-Noticel-970x250-1-300x77.jpg 300w, https:\/\/cdn.noticel.com\/2026\/05\/30100504\/Acodese-Adaptaciones-Noticel-970x250-1-768x198.jpg 768w, https:\/\/cdn.noticel.com\/2026\/05\/30100504\/Acodese-Adaptaciones-Noticel-970x250-1-18x5.jpg 18w\" sizes=\"(max-width: 970px) 100vw, 970px\" width=\"970\" height=\"250\"   \/><\/a><\/div>\n<p>Zuckerberg asegur\u00f3 que las retransmisiones de v\u00eddeo en directo funcionar\u00e1n muy bien en la red social porque es un tipo de contenido muy personal que no puede ser editado, algo &#8216;crudo, visceral y emocional&#8217; que compartir.<\/p>\n<p>El consejero delegado de Facebook se encuentra en Berl\u00edn en una visita de dos d\u00edas dentro de una gira por Europa que le llev\u00f3 antes a Barcelona para la feria tecnol\u00f3gica Mobile World Congress.<\/p>\n<p>Ayer, tambi\u00e9n en Berl\u00edn, anunci\u00f3 un programa de cooperaci\u00f3n con centros de investigaci\u00f3n europeos en el campo de la inteligencia artificial.<\/p>","protected":false},"excerpt":{"rendered":"<p>El consejero delegado de Facebook, Mark Zuckerberg, anunci\u00f3 hoy que probablemente el mes que viene la red social incorpore a nivel mundial la posibilidad de retransmitir en directo para todos sus usuarios. Zuckerberg avanz\u00f3 esta nueva herramienta de Facebook en un encuentro en Berl\u00edn en el que se someti\u00f3 a las preguntas del p\u00fablico, y [&hellip;]<\/p>","protected":false},"author":0,"featured_media":567697,"comment_status":"closed","ping_status":"closed","sticky":false,"template":"","format":"standard","meta":{"_acf_changed":false,"_monsterinsights_skip_tracking":false,"ep_exclude_from_search":false,"footnotes":""},"categories":[83],"tags":[],"class_list":["post-135710","post","type-post","status-publish","format-standard","has-post-thumbnail","hentry","category-otros"],"acf":[],"aioseo_notices":[],"_links":{"self":[{"href":"https:\/\/noticel.com\/en\/wp-json\/wp\/v2\/posts\/135710","targetHints":{"allow":["GET"]}}],"collection":[{"href":"https:\/\/noticel.com\/en\/wp-json\/wp\/v2\/posts"}],"about":[{"href":"https:\/\/noticel.com\/en\/wp-json\/wp\/v2\/types\/post"}],"replies":[{"embeddable":true,"href":"https:\/\/noticel.com\/en\/wp-json\/wp\/v2\/comments?post=135710"}],"version-history":[{"count":1,"href":"https:\/\/noticel.com\/en\/wp-json\/wp\/v2\/posts\/135710\/revisions"}],"predecessor-version":[{"id":567702,"href":"https:\/\/noticel.com\/en\/wp-json\/wp\/v2\/posts\/135710\/revisions\/567702"}],"wp:featuredmedia":[{"embeddable":true,"href":"https:\/\/noticel.com\/en\/wp-json\/wp\/v2\/media\/567697"}],"wp:attachment":[{"href":"https:\/\/noticel.com\/en\/wp-json\/wp\/v2\/media?parent=135710"}],"wp:term":[{"taxonomy":"category","embeddable":true,"href":"https:\/\/noticel.com\/en\/wp-json\/wp\/v2\/categories?post=135710"},{"taxonomy":"post_tag","embeddable":true,"href":"https:\/\/noticel.com\/en\/wp-json\/wp\/v2\/tags?post=135710"}],"curies":[{"name":"wp","href":"https:\/\/api.w.org\/{rel}","templated":true}]}}