{"id":135502,"date":"2020-06-02T18:13:00","date_gmt":"2020-06-02T22:13:00","guid":{"rendered":"https:\/\/www.noticel.com\/la-calle\/policiacas\/20200602\/incautan-100-bloques-de-cocaina-en-una-embarcacion-en-san-juan\/"},"modified":"2025-07-20T01:46:11","modified_gmt":"2025-07-20T01:46:11","slug":"incautan-100-bloques-de-cocaina-en-una-embarcacion-en-san-juan","status":"publish","type":"post","link":"https:\/\/noticel.com\/en\/noticias\/la-calle\/20200602\/incautan-100-bloques-de-cocaina-en-una-embarcacion-en-san-juan\/","title":{"rendered":"Incautan 100 bloques de coca\u00edna en una embarcaci\u00f3n en San Juan"},"content":{"rendered":"<h3>Est\u00e1n valorados en m\u00e1s de $2 millones.<\/h3>\n<p>El comisionado del Negociado de la Polic\u00eda, Henry Escalera Rivera inform\u00f3 que agentes de la Divisi\u00f3n de Inteligencia del Negociado de Fuerzas Unidas de R\u00e1pida Acci\u00f3n (FURA) incautaron 100 bloques de coca\u00edna, valorados en m\u00e1s de $2 millones, luego de una intervenci\u00f3n vehicular en San Juan.<\/p>\n<p>\u201cEn el negociado de la Polic\u00eda de Puerto Rico mantenemos nuestro compromiso en la lucha contra el narcotr\u00e1fico y continuamos adiestrando a los agentes para asegurarnos de tener un personal capacitado a la hora de velar por la seguridad de Puerto Rico. Estamos enfocados en erradicar de las calles los elementos ilegales que abonan a la violencia como ha sido el compromiso de la gobernadora Wanda V\u00e1zquez Garced y este servidor\u201d, manifest\u00f3 el Comisionado en comunicaci\u00f3n escrita.<\/p>\n<p>La intervenci\u00f3n ocurri\u00f3 a las 8:30 de la ma\u00f1ana de hoy en la marginal del expreso Baldorioty de Castro, intersecci\u00f3n con la calle Arco\u00edris, cuando los miembros de la Uniformada se percataron que una Toyota Tundra color gris pose\u00eda una tabilla que no le correspond\u00eda. El veh\u00edculo en cuesti\u00f3n arrastraba una embarcaci\u00f3n color blanca, con accesorios color azul, y cuyo arrastre estaba desprovisto de sus luces. A bordo del auto hab\u00eda tres personas, y una de \u00e9stas, al percatarse de la presencia de la Polic\u00eda, huy\u00f3.<\/p><div class=\"notic-content-middle\" id=\"notic-887943629\"><div class=\"notic-adlabel\">Advertisements<\/div><a data-no-instant=\"1\" href=\"https:\/\/www.asegurate-bien.com\/\" rel=\"noopener\" class=\"a2t-link\" target=\"_blank\" aria-label=\"Acodese-Adaptaciones-Noticel-728&#215;90\"><img loading=\"lazy\" decoding=\"async\" src=\"https:\/\/cdn.noticel.com\/2026\/07\/30095222\/Acodese-Adaptaciones-Noticel-728x90-1.jpg\" alt=\"\"  srcset=\"https:\/\/cdn.noticel.com\/2026\/07\/30095222\/Acodese-Adaptaciones-Noticel-728x90-1.jpg 728w, https:\/\/cdn.noticel.com\/2026\/07\/30095222\/Acodese-Adaptaciones-Noticel-728x90-1-300x37.jpg 300w, https:\/\/cdn.noticel.com\/2026\/07\/30095222\/Acodese-Adaptaciones-Noticel-728x90-1-18x2.jpg 18w\" sizes=\"(max-width: 728px) 100vw, 728px\" width=\"728\" height=\"90\"   \/><\/a><\/div>\n<p>La droga, que fue valorada espec\u00edficamente en $2,400,000, fue hallada en el interior de la embarcaci\u00f3n y en el lugar se arrestaron a dos personas, ambas residentes de San Juan.<\/p>\n<p>\u201cEl personal del Negociado de la Polic\u00eda realiz\u00f3 una excelente labor durante esta intervenci\u00f3n y ejecutaron todos los protocolos adecuadamente. Felicito a los compa\u00f1eros y reconozco el excelente trabajo que realizan diariamente\u00bb, a\u00f1adi\u00f3 Escalera Rivera.<\/p>\n<p>La Administraci\u00f3n Federal para el Control de Drogas (DEA, por sus siglas en ingl\u00e9s) y la Oficina Federal de Aduanas y Protecci\u00f3n Fronteriza (CBP, por sus siglas en ingl\u00e9s), participaron en el caso.<\/p>","protected":false},"excerpt":{"rendered":"<p>Est\u00e1n valorados en m\u00e1s de $2 millones. El comisionado del Negociado de la Polic\u00eda, Henry Escalera Rivera inform\u00f3 que agentes de la Divisi\u00f3n de Inteligencia del Negociado de Fuerzas Unidas de R\u00e1pida Acci\u00f3n (FURA) incautaron 100 bloques de coca\u00edna, valorados en m\u00e1s de $2 millones, luego de una intervenci\u00f3n vehicular en San Juan. \u201cEn el [&hellip;]<\/p>","protected":false},"author":17,"featured_media":531337,"comment_status":"closed","ping_status":"closed","sticky":false,"template":"","format":"standard","meta":{"_acf_changed":false,"_monsterinsights_skip_tracking":false,"ep_exclude_from_search":false,"footnotes":""},"categories":[12,15],"tags":[],"class_list":["post-135502","post","type-post","status-publish","format-standard","has-post-thumbnail","hentry","category-la-calle","category-policiacas"],"acf":[],"aioseo_notices":[],"_links":{"self":[{"href":"https:\/\/noticel.com\/en\/wp-json\/wp\/v2\/posts\/135502","targetHints":{"allow":["GET"]}}],"collection":[{"href":"https:\/\/noticel.com\/en\/wp-json\/wp\/v2\/posts"}],"about":[{"href":"https:\/\/noticel.com\/en\/wp-json\/wp\/v2\/types\/post"}],"author":[{"embeddable":true,"href":"https:\/\/noticel.com\/en\/wp-json\/wp\/v2\/users\/17"}],"replies":[{"embeddable":true,"href":"https:\/\/noticel.com\/en\/wp-json\/wp\/v2\/comments?post=135502"}],"version-history":[{"count":1,"href":"https:\/\/noticel.com\/en\/wp-json\/wp\/v2\/posts\/135502\/revisions"}],"predecessor-version":[{"id":531338,"href":"https:\/\/noticel.com\/en\/wp-json\/wp\/v2\/posts\/135502\/revisions\/531338"}],"wp:featuredmedia":[{"embeddable":true,"href":"https:\/\/noticel.com\/en\/wp-json\/wp\/v2\/media\/531337"}],"wp:attachment":[{"href":"https:\/\/noticel.com\/en\/wp-json\/wp\/v2\/media?parent=135502"}],"wp:term":[{"taxonomy":"category","embeddable":true,"href":"https:\/\/noticel.com\/en\/wp-json\/wp\/v2\/categories?post=135502"},{"taxonomy":"post_tag","embeddable":true,"href":"https:\/\/noticel.com\/en\/wp-json\/wp\/v2\/tags?post=135502"}],"curies":[{"name":"wp","href":"https:\/\/api.w.org\/{rel}","templated":true}]}}