{"id":135476,"date":"2020-06-02T11:23:00","date_gmt":"2020-06-02T15:23:00","guid":{"rendered":"https:\/\/www.noticel.com\/ahora\/gobierno\/lgbtt\/20200602\/lambda-legal-seguira-de-cerca-ejecucion-de-disposiciones-del-codigo-civil\/"},"modified":"2025-07-20T01:49:59","modified_gmt":"2025-07-20T01:49:59","slug":"lambda-legal-seguira-de-cerca-ejecucion-de-disposiciones-del-codigo-civil","status":"publish","type":"post","link":"https:\/\/noticel.com\/en\/ultima-hora\/20200602\/lambda-legal-seguira-de-cerca-ejecucion-de-disposiciones-del-codigo-civil\/","title":{"rendered":"Lambda Legal seguir\u00e1 de cerca ejecuci\u00f3n de disposiciones del C\u00f3digo Civil"},"content":{"rendered":"<h3>Especialmente las relacionadas al cambio de g\u00e9nero de personas trans en el Registro Demogr\u00e1fico<\/h3>\n<p>El bufete que en 2018 logr\u00f3 que las personas transg\u00e9nero o transexuales pueden corregir sus actas de nacimiento en el Registro Demogr\u00e1fico de Puerto Rico, advirti\u00f3 hoy que seguir\u00e1 de cerca la manera en que el gobierno ejecutar\u00e1 las disposiciones del nuevo C\u00f3digo Civil, firmado ayer por la gobernadora Wanda V\u00e1zquez.<\/p>\n<p>\u201cDesilucionado por la firma de la gobernadora Wanda V\u00e1zquez del nuevo C\u00f3digo Civil. El c\u00f3digo no est\u00e1 atemperado a los tiempos modernos y no refleja nuestras familias modernas\u201d, escribi\u00f3 el licenciado Omar Gonz\u00e1lez Pag\u00e1n, de Lambda Legal.<\/p>\n<p>\u201cLambda Legal, Puerto Rico para Tod@s y yo monitorearemos de cerca c\u00f3mo el gobierno interpreta y ejecuta el art\u00edculo de las correcciones en los certificados de nacimiento. Si hay alguna desviaci\u00f3n del proceso administrativo ordenado por el tribunal en 2018, volveremos al tribunal de inmediato\u201d, manifest\u00f3 Gonz\u00e1lez Pag\u00e1n.<\/p>\n<p>En 2018, Gonz\u00e1lez Pag\u00e1n lider\u00f3 la demanda en el tribunal federal en representaci\u00f3n de tres puertorrique\u00f1os transg\u00e9nero y Puerto Rico Para Tod@s que derog\u00f3 la prohibici\u00f3n en Puerto Rico de las correcciones de g\u00e9nero en los certificados de nacimiento.<\/p>\n<p>Lea m\u00e1s en: <a href=\"https:\/\/noticel.com\/en\/ahora\/vida\/20180716\/transgeneros-ya-pueden-solicitar-cambio-en-certificados-de-nacimiento\/\" id=\"link-626440d02f0231719c427d06fe54fbb9\" target=\"_blank\">Transg\u00e9neros ya pueden solicitar cambio en certificados de nacimiento<\/a><\/p>\n<p>En dicha decisi\u00f3n, la corte federal tambien orden\u00f3 a oficiales del Estado Libre Asociado permitir que las personas transgeneros puedan realizar dichas correcciones.<\/p>\n<p>Lambda Legal radic\u00f3 la demanda impugnando como inconstitucional la prohibici\u00f3n de cambio de g\u00e9nero en representaci\u00f3n de dos mujeres transg\u00e9nero &#8211; Daniela Arroyo Gonz\u00e1lez y Victoria Rodr\u00edguez Rold\u00e1n -y un hombre transg\u00e9nero identificado por sus iniciales J.G., as\u00ed como Puerto Rico para Tod@s, argumentando que negar a las personas transg\u00e9nero la habilidad de obtener certificados de nacimientos correctos viola las cl\u00e1usulas de igual protecci\u00f3n y debido proceso de ley de la Constituci\u00f3n de los Estados Unidos, as\u00ed como la primera enmienda, al forzar a estas personas en Puerto Rico, mediante su certificado de nacimiento, a identificarse con un g\u00e9nero que no representa su identidad.<\/p><div class=\"notic-content-middle\" id=\"notic-2548301842\"><div class=\"notic-adlabel\">Advertisements<\/div><a data-no-instant=\"1\" href=\"https:\/\/www.cst.pr.gov\/\" rel=\"noopener\" class=\"a2t-link\" target=\"_blank\" aria-label=\"300&#215;600\"><img loading=\"lazy\" decoding=\"async\" src=\"https:\/\/cdn.noticel.com\/2026\/09\/02203205\/300x600-1.jpg\" alt=\"\"  srcset=\"https:\/\/cdn.noticel.com\/2026\/09\/02203205\/300x600-1.jpg 300w, https:\/\/cdn.noticel.com\/2026\/09\/02203205\/300x600-1-150x300.jpg 150w, https:\/\/cdn.noticel.com\/2026\/09\/02203205\/300x600-1-6x12.jpg 6w\" sizes=\"(max-width: 300px) 100vw, 300px\" width=\"300\" height=\"600\"   \/><\/a><\/div>\n<p>Lea tambi\u00e9n: <a href=\"https:\/\/noticel.com\/en\/lgbtt\/ahora\/top-stories\/20180718\/cambios-de-actas-de-nacimiento-van-mas-alla-de-una-f-y-una-m\/\" id=\"link-210ffa907dccfc0f9d23460688a056ce\" target=\"_blank\">Cambios de actas de nacimiento van m\u00e1s all\u00e1 de una &#8216;F&#8217; y una &#8216;M&#8217;<\/a><\/p>\n<p>Para el nuevo c\u00f3digo firmado por la Gobernadora, originalmente el documento ten\u00eda un lenguaje confuso en el que se interpretaba que las personas transg\u00e9nero deb\u00edan recibir auxilio judicial para que el Registro Demogr\u00e1fico hiciera una modificaci\u00f3n al margen de su inscripci\u00f3n original del sexo.<\/p>\n<p>Fue entonces cuando el bufete Lambda Legal advirti\u00f3 al gobierno que este tr\u00e1mite iba en contra de la determinaci\u00f3n de la juez federal Carmen Consuelo Cerezo en el caso Arroyo v. Rossell\u00f3 (2018), a ra\u00edz de lo que se dispuso que las personas solo necesitan una recomendaci\u00f3n de un facultativo m\u00e9dico y un sello de $20 para tramitar reasignaciones de sexo o g\u00e9nero. Para esto, el Departamento de Salud emiti\u00f3 una orden de cumplimiento y el Registro Demogr\u00e1fico adopt\u00f3 una carta normativa.<\/p>\n<p>El lenguaje del c\u00f3digo se enmend\u00f3 y se modific\u00f3  para reconocer los derechos de estas personas y todo lo relacionado a c\u00f3mo aparecer\u00e1n inscritos en el Registro Demogr\u00e1fico.<\/p>\n<p>Lea m\u00e1s en:<a href=\"https:\/\/noticel.com\/en\/legislatura\/ahora\/top-stories\/20200511\/enmienda-al-codigo-civil-mantiene-derechos-de-las-personas-trans\/\" id=\"link-5323cacc00bf62ed8fdad209f2fc2717\" target=\"_blank\"> Enmienda al C\u00f3digo Civil mantiene derechos de las personas trans<\/a><\/p>\n<p>https:\/\/twitter.com\/omargp\/status\/1267617585094426625<\/p>","protected":false},"excerpt":{"rendered":"<p>Especialmente las relacionadas al cambio de g\u00e9nero de personas trans en el Registro Demogr\u00e1fico El bufete que en 2018 logr\u00f3 que las personas transg\u00e9nero o transexuales pueden corregir sus actas de nacimiento en el Registro Demogr\u00e1fico de Puerto Rico, advirti\u00f3 hoy que seguir\u00e1 de cerca la manera en que el gobierno ejecutar\u00e1 las disposiciones del [&hellip;]<\/p>","protected":false},"author":0,"featured_media":531373,"comment_status":"closed","ping_status":"closed","sticky":false,"template":"","format":"standard","meta":{"_acf_changed":false,"_monsterinsights_skip_tracking":false,"ep_exclude_from_search":false,"footnotes":""},"categories":[2],"tags":[],"class_list":["post-135476","post","type-post","status-publish","format-standard","has-post-thumbnail","hentry","category-ultima-hora"],"acf":[],"aioseo_notices":[],"_links":{"self":[{"href":"https:\/\/noticel.com\/en\/wp-json\/wp\/v2\/posts\/135476","targetHints":{"allow":["GET"]}}],"collection":[{"href":"https:\/\/noticel.com\/en\/wp-json\/wp\/v2\/posts"}],"about":[{"href":"https:\/\/noticel.com\/en\/wp-json\/wp\/v2\/types\/post"}],"replies":[{"embeddable":true,"href":"https:\/\/noticel.com\/en\/wp-json\/wp\/v2\/comments?post=135476"}],"version-history":[{"count":1,"href":"https:\/\/noticel.com\/en\/wp-json\/wp\/v2\/posts\/135476\/revisions"}],"predecessor-version":[{"id":531375,"href":"https:\/\/noticel.com\/en\/wp-json\/wp\/v2\/posts\/135476\/revisions\/531375"}],"wp:featuredmedia":[{"embeddable":true,"href":"https:\/\/noticel.com\/en\/wp-json\/wp\/v2\/media\/531373"}],"wp:attachment":[{"href":"https:\/\/noticel.com\/en\/wp-json\/wp\/v2\/media?parent=135476"}],"wp:term":[{"taxonomy":"category","embeddable":true,"href":"https:\/\/noticel.com\/en\/wp-json\/wp\/v2\/categories?post=135476"},{"taxonomy":"post_tag","embeddable":true,"href":"https:\/\/noticel.com\/en\/wp-json\/wp\/v2\/tags?post=135476"}],"curies":[{"name":"wp","href":"https:\/\/api.w.org\/{rel}","templated":true}]}}