{"id":13526,"date":"2014-11-17T00:00:00","date_gmt":"2014-11-17T04:00:00","guid":{"rendered":"http:\/\/www.noticel.com\/vida\/20141117\/sistema-tv-recibe-a-margarita-aponte\/"},"modified":"2025-07-17T02:19:27","modified_gmt":"2025-07-17T02:19:27","slug":"sistema-tv-recibe-a-margarita-aponte","status":"publish","type":"post","link":"https:\/\/noticel.com\/en\/vida-y-bienestar\/20141117\/sistema-tv-recibe-a-margarita-aponte\/","title":{"rendered":"Sistema TV recibe a Margarita Aponte"},"content":{"rendered":"<p>La vicepresidenta y gerente general de Sistema TV Canal Universitario Ana G. Mendez, Margarita Mill\u00e1n, anunci\u00f3 el lunes la llegada de la periodista Margarita Aponte a la producci\u00f3n de Sistema TV Informa.<\/p>\n<p>&#8216;La trayectoria de esta periodista la respalda como un recurso serio y comprometido con informar de forma veraz a los televidentes. Esto va de la mano con nuestro objetivo de presentar noticias relevantes, en un espacio que promueve el an\u00e1lisis&#8217;, dijo Mill\u00e1n en comunicado de prensa.<\/p><div class=\"notic-content-middle\" id=\"notic-1723552273\"><div class=\"notic-adlabel\">Advertisements<\/div><a data-no-instant=\"1\" href=\"https:\/\/qrco.de\/bgxd5v\" rel=\"noopener\" class=\"a2t-link\" target=\"_blank\" aria-label=\"DisplayAds-970&#215;2502\"><img loading=\"lazy\" decoding=\"async\" src=\"https:\/\/cdn.noticel.com\/2026\/09\/02200838\/DisplayAds-970x2502-1.jpg\" alt=\"\"  srcset=\"https:\/\/cdn.noticel.com\/2026\/09\/02200838\/DisplayAds-970x2502-1.jpg 970w, https:\/\/cdn.noticel.com\/2026\/09\/02200838\/DisplayAds-970x2502-1-300x77.jpg 300w, https:\/\/cdn.noticel.com\/2026\/09\/02200838\/DisplayAds-970x2502-1-768x198.jpg 768w, https:\/\/cdn.noticel.com\/2026\/09\/02200838\/DisplayAds-970x2502-1-18x5.jpg 18w\" sizes=\"(max-width: 970px) 100vw, 970px\" width=\"970\" height=\"250\"   \/><\/a><\/div>\n<p>La periodista se une a partir de esta noche a Mardelis Jusino, Ariel Rivera V\u00e1zquez, y Gloria Soltero, para presentar reportajes en exteriores sobre los acontecimientos noticiosos en las ediciones de 7:00 de la noche y 11:00 de la noche.<\/p>\n<p>Adem\u00e1s de laborar en televisi\u00f3n, Aponte tiene experiencia en el medio radial. A lo largo de su carrera profesional, Margarita ha recibido reconocimientos como Premios Paoli, Ag\u00fceyban\u00e1, y Mujer 2000.<\/p>","protected":false},"excerpt":{"rendered":"<p>La vicepresidenta y gerente general de Sistema TV Canal Universitario Ana G. Mendez, Margarita Mill\u00e1n, anunci\u00f3 el lunes la llegada de la periodista Margarita Aponte a la producci\u00f3n de Sistema TV Informa. &#8216;La trayectoria de esta periodista la respalda como un recurso serio y comprometido con informar de forma veraz a los televidentes. Esto va [&hellip;]<\/p>","protected":false},"author":0,"featured_media":491139,"comment_status":"closed","ping_status":"closed","sticky":false,"template":"","format":"standard","meta":{"_acf_changed":false,"_monsterinsights_skip_tracking":false,"ep_exclude_from_search":false,"footnotes":""},"categories":[69],"tags":[],"class_list":["post-13526","post","type-post","status-publish","format-standard","has-post-thumbnail","hentry","category-vida-y-bienestar"],"acf":[],"aioseo_notices":[],"_links":{"self":[{"href":"https:\/\/noticel.com\/en\/wp-json\/wp\/v2\/posts\/13526","targetHints":{"allow":["GET"]}}],"collection":[{"href":"https:\/\/noticel.com\/en\/wp-json\/wp\/v2\/posts"}],"about":[{"href":"https:\/\/noticel.com\/en\/wp-json\/wp\/v2\/types\/post"}],"replies":[{"embeddable":true,"href":"https:\/\/noticel.com\/en\/wp-json\/wp\/v2\/comments?post=13526"}],"version-history":[{"count":1,"href":"https:\/\/noticel.com\/en\/wp-json\/wp\/v2\/posts\/13526\/revisions"}],"predecessor-version":[{"id":491141,"href":"https:\/\/noticel.com\/en\/wp-json\/wp\/v2\/posts\/13526\/revisions\/491141"}],"wp:featuredmedia":[{"embeddable":true,"href":"https:\/\/noticel.com\/en\/wp-json\/wp\/v2\/media\/491139"}],"wp:attachment":[{"href":"https:\/\/noticel.com\/en\/wp-json\/wp\/v2\/media?parent=13526"}],"wp:term":[{"taxonomy":"category","embeddable":true,"href":"https:\/\/noticel.com\/en\/wp-json\/wp\/v2\/categories?post=13526"},{"taxonomy":"post_tag","embeddable":true,"href":"https:\/\/noticel.com\/en\/wp-json\/wp\/v2\/tags?post=13526"}],"curies":[{"name":"wp","href":"https:\/\/api.w.org\/{rel}","templated":true}]}}