{"id":134298,"date":"2020-05-15T19:09:00","date_gmt":"2020-05-15T23:09:00","guid":{"rendered":"https:\/\/www.noticel.com\/ahora\/gobierno\/politica\/top-stories\/20200515\/consulta-estadidad-si-o-no-sera-realidad-en-noviembre-2020\/"},"modified":"2025-07-20T04:28:59","modified_gmt":"2025-07-20T04:28:59","slug":"consulta-estadidad-si-o-no-sera-realidad-en-noviembre-2020","status":"publish","type":"post","link":"https:\/\/noticel.com\/en\/ultima-hora\/20200515\/consulta-estadidad-si-o-no-sera-realidad-en-noviembre-2020\/","title":{"rendered":"Consulta estadidad \u00abs\u00ed\u00bb o \u00abno\u00bb  ser\u00e1 realidad en noviembre 2020"},"content":{"rendered":"<h3>La gobernadora se apresta a convertir en ley la medida ma\u00f1ana, seg\u00fan fuentes de NotiCel.<\/h3>\n<p>La gobernadora Wanda V\u00e1zquez Garced se apresta a firmar ma\u00f1ana una medida de la autor\u00eda del presidente del Senado, Thomas Rivera Schatz, para celebrar una consulta de estadidad s\u00ed o no en las elecciones generales en noviembre.<\/p>\n<p>NotiCel supo mediante una fuente que los l\u00edderes legislativos fueron citados ma\u00f1ana a La Fortaleza para presenciar la firma de la \u201cLey para la Definici\u00f3n Final del Estatus Pol\u00edtico de Puerto Rico\u201d.<\/p>\n<p>El proyecto del Senado 1467 fue aprobado el pasado mes de marzo, pero es una iniciativa no vinculante por carecer del aval del Congreso en Washington, D.C.<\/p>\n<p>La iniciativa establece la celebraci\u00f3n de una consulta que garantice a los ciudadanos americanos de Puerto Rico \u00abel ejercicio de su derecho a la autodeterminaci\u00f3n y su derecho a requerir del Gobierno federal la reparaci\u00f3n de agravios\u00bb.<\/p>\n<p>En la consulta se preguntar\u00e1 al elector: \u00ab\u00bfDebe Puerto Rico ser admitido inmediatamente dentro de la Uni\u00f3n como un estado?\u00bb, con las dos \u00fanicas opciones de \u00abs\u00ed\u00bb o \u00abno\u00bb.<\/p>\n<p>La portavoz de prensa del excomisionado residente Pedro Pierluisi dijo a preguntas de este diario digital que el tambi\u00e9n precandidato a la gobernaci\u00f3n no fue invitado al evento.<\/p>\n<p>Una fuente por separado dijo que los alcaldes afiliados al Partido Nuevo Progresista (PNP) de la Federaci\u00f3n de Alcaldes fueron citados ma\u00f1ana a La Fortaleza para hablar sobre el acceso a fondos federales ante la pandemia y recuperaci\u00f3n de desastres, y luego presenciar\u00edan la firma de la medida.<\/p>","protected":false},"excerpt":{"rendered":"<p>La gobernadora se apresta a convertir en ley la medida ma\u00f1ana, seg\u00fan fuentes de NotiCel. La gobernadora Wanda V\u00e1zquez Garced se apresta a firmar ma\u00f1ana una medida de la autor\u00eda del presidente del Senado, Thomas Rivera Schatz, para celebrar una consulta de estadidad s\u00ed o no en las elecciones generales en noviembre. NotiCel supo mediante [&hellip;]<\/p>","protected":false},"author":0,"featured_media":532750,"comment_status":"closed","ping_status":"closed","sticky":false,"template":"","format":"standard","meta":{"_acf_changed":false,"_monsterinsights_skip_tracking":false,"ep_exclude_from_search":false,"footnotes":""},"categories":[4,7,2],"tags":[],"class_list":["post-134298","post","type-post","status-publish","format-standard","has-post-thumbnail","hentry","category-gobierno","category-politica","category-ultima-hora"],"acf":[],"aioseo_notices":[],"_links":{"self":[{"href":"https:\/\/noticel.com\/en\/wp-json\/wp\/v2\/posts\/134298","targetHints":{"allow":["GET"]}}],"collection":[{"href":"https:\/\/noticel.com\/en\/wp-json\/wp\/v2\/posts"}],"about":[{"href":"https:\/\/noticel.com\/en\/wp-json\/wp\/v2\/types\/post"}],"replies":[{"embeddable":true,"href":"https:\/\/noticel.com\/en\/wp-json\/wp\/v2\/comments?post=134298"}],"version-history":[{"count":1,"href":"https:\/\/noticel.com\/en\/wp-json\/wp\/v2\/posts\/134298\/revisions"}],"predecessor-version":[{"id":532751,"href":"https:\/\/noticel.com\/en\/wp-json\/wp\/v2\/posts\/134298\/revisions\/532751"}],"wp:featuredmedia":[{"embeddable":true,"href":"https:\/\/noticel.com\/en\/wp-json\/wp\/v2\/media\/532750"}],"wp:attachment":[{"href":"https:\/\/noticel.com\/en\/wp-json\/wp\/v2\/media?parent=134298"}],"wp:term":[{"taxonomy":"category","embeddable":true,"href":"https:\/\/noticel.com\/en\/wp-json\/wp\/v2\/categories?post=134298"},{"taxonomy":"post_tag","embeddable":true,"href":"https:\/\/noticel.com\/en\/wp-json\/wp\/v2\/tags?post=134298"}],"curies":[{"name":"wp","href":"https:\/\/api.w.org\/{rel}","templated":true}]}}