{"id":133983,"date":"2017-08-17T09:41:00","date_gmt":"2017-08-17T13:41:00","guid":{"rendered":"http:\/\/www.noticel.com\/ahora\/educacion\/20170817\/educacion-anuncia-horario-especial-por-eclipse-solar\/"},"modified":"2025-07-22T03:12:27","modified_gmt":"2025-07-22T03:12:27","slug":"educacion-anuncia-horario-especial-por-eclipse-solar","status":"publish","type":"post","link":"https:\/\/noticel.com\/en\/ultima-hora\/20170817\/educacion-anuncia-horario-especial-por-eclipse-solar\/","title":{"rendered":"Educaci\u00f3n anuncia horario especial por eclipse solar"},"content":{"rendered":"<p>El Departamento de Educaci\u00f3n (DE) anunci\u00f3 que tanto estudiantes como personal docente y no docente culminar\u00e1 labores al medio d\u00eda el pr\u00f3ximo lunes, debido al paso de un eclipse solar por la isla.<\/p>\n<p>Seg\u00fan se explic\u00f3 en comunicado de prensa, la medida fue completada para transformar la experiencia del eclipse en una &#8216;de aprendizaje&#8217;.<\/p><div class=\"notic-content-middle\" id=\"notic-1202984632\"><div class=\"notic-adlabel\">Advertisements<\/div><a data-no-instant=\"1\" href=\"https:\/\/qrco.de\/bgxd5v\" rel=\"noopener\" class=\"a2t-link\" target=\"_blank\" aria-label=\"300X600-SEBUSCA\"><img loading=\"lazy\" decoding=\"async\" src=\"https:\/\/cdn.noticel.com\/2026\/09\/02194007\/300X600-SEBUSCA.jpg\" alt=\"\"  srcset=\"https:\/\/cdn.noticel.com\/2026\/09\/02194007\/300X600-SEBUSCA.jpg 300w, https:\/\/cdn.noticel.com\/2026\/09\/02194007\/300X600-SEBUSCA-150x300.jpg 150w, https:\/\/cdn.noticel.com\/2026\/09\/02194007\/300X600-SEBUSCA-6x12.jpg 6w\" sizes=\"(max-width: 300px) 100vw, 300px\" width=\"300\" height=\"600\"   \/><\/a><\/div>\n<p>&#8216;El lunes 21 de agosto se observar\u00e1 el eclipse solar a nivel mundial. Es un evento de gran impacto el cual podemos convertir en toda una experiencia de aprendizaje. Por esta raz\u00f3n, se han desarrollado varias actividades educativas dentro y fuera de las comunidades escolares para el disfrute y participaci\u00f3n de los estudiantes. Puerto Rico, al igual que otras jurisdicciones, ha tomado decisiones similares considerando la trayectoria del eclipse por lo que se autoriza la salida de todos los estudiantes, personal docente y no docente luego terminado el per\u00edodo de almuerzo&#8217;, lee la comunicaci\u00f3n escrita remitida por el DE.<\/p>\n<p>Consecuentemente, el DE record\u00f3 a sus estudiantes y personal medidas de precauci\u00f3n a tomar como no tomarse selfies en medio del eclipse.<\/p>","protected":false},"excerpt":{"rendered":"<p>El Departamento de Educaci\u00f3n (DE) anunci\u00f3 que tanto estudiantes como personal docente y no docente culminar\u00e1 labores al medio d\u00eda el pr\u00f3ximo lunes, debido al paso de un eclipse solar por la isla. Seg\u00fan se explic\u00f3 en comunicado de prensa, la medida fue completada para transformar la experiencia del eclipse en una &#8216;de aprendizaje&#8217;. &#8216;El [&hellip;]<\/p>","protected":false},"author":0,"featured_media":551506,"comment_status":"closed","ping_status":"closed","sticky":false,"template":"","format":"standard","meta":{"_acf_changed":false,"_monsterinsights_skip_tracking":false,"ep_exclude_from_search":false,"footnotes":""},"categories":[2],"tags":[],"class_list":["post-133983","post","type-post","status-publish","format-standard","has-post-thumbnail","hentry","category-ultima-hora"],"acf":[],"aioseo_notices":[],"_links":{"self":[{"href":"https:\/\/noticel.com\/en\/wp-json\/wp\/v2\/posts\/133983","targetHints":{"allow":["GET"]}}],"collection":[{"href":"https:\/\/noticel.com\/en\/wp-json\/wp\/v2\/posts"}],"about":[{"href":"https:\/\/noticel.com\/en\/wp-json\/wp\/v2\/types\/post"}],"replies":[{"embeddable":true,"href":"https:\/\/noticel.com\/en\/wp-json\/wp\/v2\/comments?post=133983"}],"version-history":[{"count":1,"href":"https:\/\/noticel.com\/en\/wp-json\/wp\/v2\/posts\/133983\/revisions"}],"predecessor-version":[{"id":551507,"href":"https:\/\/noticel.com\/en\/wp-json\/wp\/v2\/posts\/133983\/revisions\/551507"}],"wp:featuredmedia":[{"embeddable":true,"href":"https:\/\/noticel.com\/en\/wp-json\/wp\/v2\/media\/551506"}],"wp:attachment":[{"href":"https:\/\/noticel.com\/en\/wp-json\/wp\/v2\/media?parent=133983"}],"wp:term":[{"taxonomy":"category","embeddable":true,"href":"https:\/\/noticel.com\/en\/wp-json\/wp\/v2\/categories?post=133983"},{"taxonomy":"post_tag","embeddable":true,"href":"https:\/\/noticel.com\/en\/wp-json\/wp\/v2\/tags?post=133983"}],"curies":[{"name":"wp","href":"https:\/\/api.w.org\/{rel}","templated":true}]}}