{"id":132763,"date":"2020-05-02T19:31:00","date_gmt":"2020-05-02T23:31:00","guid":{"rendered":"https:\/\/www.noticel.com\/ahora\/pop\/20200502\/bad-bunny-estara-en-directo-esta-noche-instagram\/"},"modified":"2025-07-20T06:00:39","modified_gmt":"2025-07-20T06:00:39","slug":"bad-bunny-estara-en-directo-esta-noche-instagram","status":"publish","type":"post","link":"https:\/\/noticel.com\/en\/ultima-hora\/20200502\/bad-bunny-estara-en-directo-esta-noche-instagram\/","title":{"rendered":"Bad Bunny estar\u00e1 en directo esta noche Instagram"},"content":{"rendered":"<h3>El int\u00e9rprete de m\u00fasica urbana anunci\u00f3 que compartir\u00e1 con sus fans hoy a las 9:00 p.m.<\/h3>\n<p>El int\u00e9rprete de m\u00fasica urbana Bad Bunny realizar\u00e1 una transmisi\u00f3n en directo hoy desde su cuenta de Instagram, tal y como lo han hecho otros artistas durante la cuarentena impuesta por la pandemia de COVID-19.<\/p>\n<p>\u00abHOY LIVE A LAS 9:00 PM (hora de PR) YHLQMDLGN!! Estar\u00e9 d\u00e1ndole las gracias personalmente antes que el mundo se acabe, y escuchando el album bien borracho, con ustedes tambi\u00e9n les monstrar\u00e9 temas que no han salido y quiz\u00e1s nunca saldr\u00e1n. Los veo hoy!\u00bb, escribi\u00f3 el Benito Antonio Mart\u00ednez al tiempo que comparti\u00f3 un v\u00eddeo con segmentos de sus participaciones en programas de televisi\u00f3n estadounidenses y clips de medios de comunicaci\u00f3n.<\/p><div class=\"notic-content-middle\" id=\"notic-3066709944\"><div class=\"notic-adlabel\">Advertisements<\/div><a data-no-instant=\"1\" href=\"https:\/\/qrco.de\/bgxd5v\" rel=\"noopener\" class=\"a2t-link\" target=\"_blank\" aria-label=\"DisplayAd-728&#215;90\"><img loading=\"lazy\" decoding=\"async\" src=\"https:\/\/cdn.noticel.com\/2026\/08\/11173942\/DisplayAd-728x90-1.jpg\" alt=\"\"  srcset=\"https:\/\/cdn.noticel.com\/2026\/08\/11173942\/DisplayAd-728x90-1.jpg 728w, https:\/\/cdn.noticel.com\/2026\/08\/11173942\/DisplayAd-728x90-1-300x37.jpg 300w, https:\/\/cdn.noticel.com\/2026\/08\/11173942\/DisplayAd-728x90-1-18x2.jpg 18w\" sizes=\"(max-width: 728px) 100vw, 728px\" width=\"728\" height=\"90\"   \/><\/a><\/div>\n<p>La publicaci\u00f3n  en Instagram tiene m\u00e1s de 2.6 millones de reproducciones y m\u00e1s de 15,000 comentarios.<\/p>\n<p>En el v\u00eddeo se escucha a Bad Bunny decir que vive \u00abel momento m\u00e1s feliz de su carrera\u00bb.<\/p>","protected":false},"excerpt":{"rendered":"<p>El int\u00e9rprete de m\u00fasica urbana anunci\u00f3 que compartir\u00e1 con sus fans hoy a las 9:00 p.m. El int\u00e9rprete de m\u00fasica urbana Bad Bunny realizar\u00e1 una transmisi\u00f3n en directo hoy desde su cuenta de Instagram, tal y como lo han hecho otros artistas durante la cuarentena impuesta por la pandemia de COVID-19. \u00abHOY LIVE A LAS [&hellip;]<\/p>","protected":false},"author":0,"featured_media":533615,"comment_status":"closed","ping_status":"closed","sticky":false,"template":"","format":"standard","meta":{"_acf_changed":false,"_monsterinsights_skip_tracking":false,"ep_exclude_from_search":false,"footnotes":""},"categories":[2],"tags":[],"class_list":["post-132763","post","type-post","status-publish","format-standard","has-post-thumbnail","hentry","category-ultima-hora"],"acf":[],"aioseo_notices":[],"_links":{"self":[{"href":"https:\/\/noticel.com\/en\/wp-json\/wp\/v2\/posts\/132763","targetHints":{"allow":["GET"]}}],"collection":[{"href":"https:\/\/noticel.com\/en\/wp-json\/wp\/v2\/posts"}],"about":[{"href":"https:\/\/noticel.com\/en\/wp-json\/wp\/v2\/types\/post"}],"replies":[{"embeddable":true,"href":"https:\/\/noticel.com\/en\/wp-json\/wp\/v2\/comments?post=132763"}],"version-history":[{"count":1,"href":"https:\/\/noticel.com\/en\/wp-json\/wp\/v2\/posts\/132763\/revisions"}],"predecessor-version":[{"id":533616,"href":"https:\/\/noticel.com\/en\/wp-json\/wp\/v2\/posts\/132763\/revisions\/533616"}],"wp:featuredmedia":[{"embeddable":true,"href":"https:\/\/noticel.com\/en\/wp-json\/wp\/v2\/media\/533615"}],"wp:attachment":[{"href":"https:\/\/noticel.com\/en\/wp-json\/wp\/v2\/media?parent=132763"}],"wp:term":[{"taxonomy":"category","embeddable":true,"href":"https:\/\/noticel.com\/en\/wp-json\/wp\/v2\/categories?post=132763"},{"taxonomy":"post_tag","embeddable":true,"href":"https:\/\/noticel.com\/en\/wp-json\/wp\/v2\/tags?post=132763"}],"curies":[{"name":"wp","href":"https:\/\/api.w.org\/{rel}","templated":true}]}}