{"id":130949,"date":"2012-01-17T11:26:00","date_gmt":"2012-01-17T15:26:00","guid":{"rendered":"http:\/\/www.noticel.com\/ahora\/20120117\/alcalde-conoce-recipiente-del-corazon-de-karla\/"},"modified":"2025-07-18T10:14:52","modified_gmt":"2025-07-18T10:14:52","slug":"alcalde-conoce-recipiente-del-corazon-de-karla","status":"publish","type":"post","link":"https:\/\/noticel.com\/en\/ultima-hora\/20120117\/alcalde-conoce-recipiente-del-corazon-de-karla\/","title":{"rendered":"Alcalde conoce recipiente del coraz\u00f3n de Karla"},"content":{"rendered":"<p>En cumplimiento con el protocolo, el alcalde de Juana D\u00edaz, Ram\u00f3n Hern\u00e1ndez, fue sumamente cuidadoso y cumplidor del compromiso que hizo con personal del Hospital Cardiovascular, donde tuvo la oportunidad de conocer ayer al recipiente del coraz\u00f3n de la joven Karla Michelle Negr\u00f3n, quien muri\u00f3 v\u00edctima de una bala al aire.<\/p>\n<p>&#8216;No es de Juana D\u00edaz&#8217;, se limit\u00f3 a decir el ejecutivo municipal en entrevista telef\u00f3nica con NotiCel.<\/p>\n<p>&#8216;La condici\u00f3n para permitirme entrar a saludarlo y hablar con los familiares que estaban all\u00ed fue que ten\u00eda que cumplir con el protocolo y que no pod\u00eda divulgar informaci\u00f3n. Va a haber un equipo interdisciplinario que se va a reunir con ambas familias para luego que est\u00e9n preparados dar a conocer la informaci\u00f3n&#8217;, indic\u00f3 Hern\u00e1ndez.<\/p>\n<p>Hern\u00e1ndez dijo a NotiCel que estaba de visita en el Cardiovascular debido a que su suegra est\u00e1 hospitalizada all\u00ed hace unas semanas y que, estando all\u00ed, le dieron la oportunidad de conocer al paciente trasplantado.<\/p>\n<p>A la quincea\u00f1era, quien muri\u00f3 por una bala disparada al aire en la Despedida de A\u00f1o, se le pudieron extraer cinco \u00f3rganos para trasplantes a distintos pacientes. En Puerto Rico, 428 pacientes esperan por una donaci\u00f3n, en su mayor\u00eda por h\u00edgados y ri\u00f1ones.<\/p>\n<p>La investigaci\u00f3n polic\u00edaca sobre el caso tiene bajo la mirilla a tres personas de inter\u00e9s, pero el inspector Jes\u00fas Rivera, director del CIC de San Juan, no quiso dar m\u00e1s detalles sobre el particular.<\/p>\n<p>&#8216;Eso es parte de nuestra investigaci\u00f3n y estamos realizando las entrevistas&#8217;, se limit\u00f3 a decir Rivera.<\/p>\n<p>El inspector indic\u00f3 que el incidente de la bala disparada al aire se produjo &#8216;a un radio de 500 pies&#8217; de la Calle Fajardo de Villa Palmeras, donde Karla Michelle celebraba junto a su familia y amigos la despedida del a\u00f1o 2011.<\/p>\n<p>Rivera confirm\u00f3 a NotiCel que se recibieron confidencias de que en la Calle Palacios, unas seis calles de distancia del \u00e1rea donde estaba la quincea\u00f1era, hubo gente disparando.<\/p>\n<p>&#8216;Los agentes estuvieron all\u00ed y se ocuparon casquillos, pero todav\u00eda nosotros no podemos decir que son compatibles (con el que mat\u00f3 a la adolescente). Todav\u00eda no se puede establecer que guarde alguna relaci\u00f3n porque los an\u00e1lisis de bal\u00edstica no se han terminado&#8217;, sostuvo Rivera.<\/p>\n<p>El inspector adelant\u00f3 que el agente investigador se entrevistar\u00e1 hoy con la pat\u00f3loga Rosa Rodr\u00edguez, quien dar\u00e1 m\u00e1s detalles a la Polic\u00eda por donde entr\u00f3 la bala, en qu\u00e9 \u00e1ngulo, entre otros, para seguir ampliando la investigaci\u00f3n.<\/p>","protected":false},"excerpt":{"rendered":"<p>En cumplimiento con el protocolo, el alcalde de Juana D\u00edaz, Ram\u00f3n Hern\u00e1ndez, fue sumamente cuidadoso y cumplidor del compromiso que hizo con personal del Hospital Cardiovascular, donde tuvo la oportunidad de conocer ayer al recipiente del coraz\u00f3n de la joven Karla Michelle Negr\u00f3n, quien muri\u00f3 v\u00edctima de una bala al aire. &#8216;No es de Juana [&hellip;]<\/p>","protected":false},"author":0,"featured_media":515405,"comment_status":"closed","ping_status":"closed","sticky":false,"template":"","format":"standard","meta":{"_acf_changed":false,"_monsterinsights_skip_tracking":false,"ep_exclude_from_search":false,"footnotes":""},"categories":[2],"tags":[],"class_list":["post-130949","post","type-post","status-publish","format-standard","has-post-thumbnail","hentry","category-ultima-hora"],"acf":[],"aioseo_notices":[],"_links":{"self":[{"href":"https:\/\/noticel.com\/en\/wp-json\/wp\/v2\/posts\/130949","targetHints":{"allow":["GET"]}}],"collection":[{"href":"https:\/\/noticel.com\/en\/wp-json\/wp\/v2\/posts"}],"about":[{"href":"https:\/\/noticel.com\/en\/wp-json\/wp\/v2\/types\/post"}],"replies":[{"embeddable":true,"href":"https:\/\/noticel.com\/en\/wp-json\/wp\/v2\/comments?post=130949"}],"version-history":[{"count":1,"href":"https:\/\/noticel.com\/en\/wp-json\/wp\/v2\/posts\/130949\/revisions"}],"predecessor-version":[{"id":515412,"href":"https:\/\/noticel.com\/en\/wp-json\/wp\/v2\/posts\/130949\/revisions\/515412"}],"wp:featuredmedia":[{"embeddable":true,"href":"https:\/\/noticel.com\/en\/wp-json\/wp\/v2\/media\/515405"}],"wp:attachment":[{"href":"https:\/\/noticel.com\/en\/wp-json\/wp\/v2\/media?parent=130949"}],"wp:term":[{"taxonomy":"category","embeddable":true,"href":"https:\/\/noticel.com\/en\/wp-json\/wp\/v2\/categories?post=130949"},{"taxonomy":"post_tag","embeddable":true,"href":"https:\/\/noticel.com\/en\/wp-json\/wp\/v2\/tags?post=130949"}],"curies":[{"name":"wp","href":"https:\/\/api.w.org\/{rel}","templated":true}]}}