{"id":130912,"date":"2020-04-14T10:52:00","date_gmt":"2020-04-14T14:52:00","guid":{"rendered":"https:\/\/www.noticel.com\/la-calle\/20200414\/cierran-tecnica-de-la-aee-por-casos-positivo-de-coronavirus\/"},"modified":"2025-07-20T07:47:18","modified_gmt":"2025-07-20T07:47:18","slug":"cierran-tecnica-de-la-aee-por-casos-positivo-de-coronavirus","status":"publish","type":"post","link":"https:\/\/noticel.com\/en\/noticias\/la-calle\/20200414\/cierran-tecnica-de-la-aee-por-casos-positivo-de-coronavirus\/","title":{"rendered":"Cierran t\u00e9cnica de la AEE por casos positivo de coronavirus"},"content":{"rendered":"<h3>Se trata de un guardia de seguridad.<\/h3>\n<p>La t\u00e9cnica de Minillas de la Autoridad de Energ\u00eda El\u00e9ctrica (AEE) present\u00f3 un primer caso de coronavirus, por lo que tuvo que ser cerrada.<\/p>\n<p>As\u00ed lo indic\u00f3 el presidente de la Uni\u00f3n de Trabajadores de la Industria El\u00e9ctrica y de Riego (UTIER), \u00c1ngel Figueroa Jaramillo en entrevista radial (Radio Isla 1320). Figueroa Jaramillo apunt\u00f3 tambi\u00e9n a que el caso positivo se trata de un guardia de seguridad que vigila la referida t\u00e9cnica, pero que no es empleado de la AEE, sino de una empresa privada que rinde servicios a la corporaci\u00f3n p\u00fablica.<\/p>\n<p><strong id=\"strong-40818029f205093b53df17fd67889b73\">Mira tambi\u00e9n<\/strong>: <a href=\"https:\/\/noticel.com\/en\/ahora\/top-stories\/la-calle\/20200414\/total-de-contagiados-aumenta-a-923\/\" id=\"link-f0a7abec8898078822dfea00d6d38098\">Total de contagiados aumenta a 923<\/a><\/p><div class=\"notic-content-middle\" id=\"notic-2564017174\"><div class=\"notic-adlabel\">Advertisements<\/div><a data-no-instant=\"1\" href=\"https:\/\/www.asegurate-bien.com\/\" rel=\"noopener\" class=\"a2t-link\" target=\"_blank\" aria-label=\"Acodese-Adaptaciones-Noticel-970&#215;90\"><img loading=\"lazy\" decoding=\"async\" src=\"https:\/\/cdn.noticel.com\/2026\/07\/30100146\/Acodese-Adaptaciones-Noticel-970x90-1.jpg\" alt=\"\"  srcset=\"https:\/\/cdn.noticel.com\/2026\/07\/30100146\/Acodese-Adaptaciones-Noticel-970x90-1.jpg 970w, https:\/\/cdn.noticel.com\/2026\/07\/30100146\/Acodese-Adaptaciones-Noticel-970x90-1-300x28.jpg 300w, https:\/\/cdn.noticel.com\/2026\/07\/30100146\/Acodese-Adaptaciones-Noticel-970x90-1-768x71.jpg 768w, https:\/\/cdn.noticel.com\/2026\/07\/30100146\/Acodese-Adaptaciones-Noticel-970x90-1-18x2.jpg 18w\" sizes=\"(max-width: 970px) 100vw, 970px\" width=\"970\" height=\"90\"   \/><\/a><\/div>\n<p>Tras conocerse el caso, el establecimiento fue cerrado para que se proceda a desinfectarlo. Tambi\u00e9n se le realizar\u00e1n pruebas de coronavirus a 40 empleados que laboraban en el lugar.<\/p>\n<p>\u00abSe cerr\u00f3 la t\u00e9cnica. Ya hoy se va a proceder, ya se contrat\u00f3 la compa\u00f1\u00eda para desinfectar todo el \u00e1rea y ma\u00f1ana mi\u00e9rcoles se le estar\u00e1 realizando la prueba a los 40 compa\u00f1eros que estuvieron laborando all\u00ed, para asegurarnos que ninguno de los compa\u00f1eros se contagi\u00f3\u00bb, sostuvo el l\u00edder de la UTIER a la referida emisora.<\/p>\n<p>Al momento, en Puerto Rico hay 923 casos de coronavirus confirmados por el Departamento de Salud (DS), de esa cifra, 45 han culminado en decesos.<\/p>","protected":false},"excerpt":{"rendered":"<p>Se trata de un guardia de seguridad. La t\u00e9cnica de Minillas de la Autoridad de Energ\u00eda El\u00e9ctrica (AEE) present\u00f3 un primer caso de coronavirus, por lo que tuvo que ser cerrada. As\u00ed lo indic\u00f3 el presidente de la Uni\u00f3n de Trabajadores de la Industria El\u00e9ctrica y de Riego (UTIER), \u00c1ngel Figueroa Jaramillo en entrevista radial [&hellip;]<\/p>","protected":false},"author":0,"featured_media":534759,"comment_status":"closed","ping_status":"closed","sticky":false,"template":"","format":"standard","meta":{"_acf_changed":false,"_monsterinsights_skip_tracking":false,"ep_exclude_from_search":false,"footnotes":""},"categories":[12],"tags":[],"class_list":["post-130912","post","type-post","status-publish","format-standard","has-post-thumbnail","hentry","category-la-calle"],"acf":[],"aioseo_notices":[],"_links":{"self":[{"href":"https:\/\/noticel.com\/en\/wp-json\/wp\/v2\/posts\/130912","targetHints":{"allow":["GET"]}}],"collection":[{"href":"https:\/\/noticel.com\/en\/wp-json\/wp\/v2\/posts"}],"about":[{"href":"https:\/\/noticel.com\/en\/wp-json\/wp\/v2\/types\/post"}],"replies":[{"embeddable":true,"href":"https:\/\/noticel.com\/en\/wp-json\/wp\/v2\/comments?post=130912"}],"version-history":[{"count":1,"href":"https:\/\/noticel.com\/en\/wp-json\/wp\/v2\/posts\/130912\/revisions"}],"predecessor-version":[{"id":534760,"href":"https:\/\/noticel.com\/en\/wp-json\/wp\/v2\/posts\/130912\/revisions\/534760"}],"wp:featuredmedia":[{"embeddable":true,"href":"https:\/\/noticel.com\/en\/wp-json\/wp\/v2\/media\/534759"}],"wp:attachment":[{"href":"https:\/\/noticel.com\/en\/wp-json\/wp\/v2\/media?parent=130912"}],"wp:term":[{"taxonomy":"category","embeddable":true,"href":"https:\/\/noticel.com\/en\/wp-json\/wp\/v2\/categories?post=130912"},{"taxonomy":"post_tag","embeddable":true,"href":"https:\/\/noticel.com\/en\/wp-json\/wp\/v2\/tags?post=130912"}],"curies":[{"name":"wp","href":"https:\/\/api.w.org\/{rel}","templated":true}]}}