{"id":130063,"date":"2018-04-09T13:50:49","date_gmt":"2018-04-09T17:50:49","guid":{"rendered":"https:\/\/www.noticel.com\/ahora\/gobierno\/top-stories\/20180409\/nuevo-equipo-legal-para-victimas-de-maria-mayores-de-50-anos\/"},"modified":"2025-07-23T22:21:29","modified_gmt":"2025-07-23T22:21:29","slug":"nuevo-equipo-legal-para-victimas-de-maria-mayores-de-50-anos","status":"publish","type":"post","link":"https:\/\/noticel.com\/en\/ultima-hora\/20180409\/nuevo-equipo-legal-para-victimas-de-maria-mayores-de-50-anos\/","title":{"rendered":"Nuevo equipo legal para v\u00edctimas de Mar\u00eda mayores de 50 a\u00f1os"},"content":{"rendered":"<p><i>Fondo de Acceso a la Justicia y AARP se unen.<\/i><\/p>\n<p>La Fundaci\u00f3n Fondo de Acceso a la Justicia (FFAJ) y AARP Puerto Rico anunciaron el lanzamiento de un nuevo proyecto de servicios legales relacionados a la emergencia del Hurac\u00e1n Mar\u00eda a personas de 50 a\u00f1os o m\u00e1s.<\/p>\n<p>Gracias a la donaci\u00f3n de AARP Foundation al Fondo Legal de Emergencia de la FFAJ se subvencionar\u00e1n servicios legales gratuitos a traves de cinco organizaciones. Cuatro de estas organizaciones ofrecer\u00e1n abogados para la asistencia legal a la poblaci\u00f3n 50+ en las comunidades afectadas de las cinco regiones judiciales por donde pas\u00f3 el ojo del Hurac\u00e1n Mar\u00eda.<\/p>\n<p>La quinta organizaci\u00f3n operar\u00e1 una l\u00ednea telef\u00f3nica de asistencia legal especializada en adultos mayores.<\/p>\n<p>&#8216;Tras el paso de los huracanes Irma y Mar\u00eda, han quedado al desnudo las situaciones cr\u00edticas de vulnerabilidad, desigualdad e injusticia que sufren muchos puertorrique\u00f1os, pero en particular nuestros adultos mayores,&#8217; manifest\u00f3 Jose Acar\u00f3n, director estatal de AARP Puerto Rico.<\/p>\n<p>Mientras que el Lcdo. Jose E. Col\u00f3n Santana, presidente de la Junta de la FFAJ expres\u00f3 que &#8216;seguimos diversificando el ofrecimiento a organizaciones sin fines de lucro a la vez que fomentamos que el servicio brindado llegue y la representaci\u00f3n legal se brinde directamente a las personas necesitadas. Por esto, se distribuyen $100,000 entre las entidades escogidas, y nos aseguraremos que los servicios sean accesibles al adulto mayor, tanto requiriendo que los abogados\/as se acerquen a la comunidad necesitada, como proveyendo acceso a orientaci\u00f3n legal a traves de una l\u00ednea telef\u00f3nica&#8217;.<\/p><div class=\"notic-content-middle\" id=\"notic-887810437\"><div class=\"notic-adlabel\">Advertisements<\/div><img loading=\"lazy\" decoding=\"async\" src=\"https:\/\/cdn.noticel.com\/2026\/09\/02203441\/728x90.jpg\" alt=\"\"  srcset=\"https:\/\/cdn.noticel.com\/2026\/09\/02203441\/728x90.jpg 728w, https:\/\/cdn.noticel.com\/2026\/09\/02203441\/728x90-300x37.jpg 300w, https:\/\/cdn.noticel.com\/2026\/09\/02203441\/728x90-18x2.jpg 18w\" sizes=\"(max-width: 728px) 100vw, 728px\" width=\"728\" height=\"90\"   \/><\/div>\n<p>El Centro Integral de Apoyo a V\u00edctimas (CIAV) de la Escuela de Derecho de la UPR ser\u00e1 el receptor de los fondos para el establecimiento de la L\u00ednea de Asistencia Legal para los 50+. Llamando a esta l\u00ednea telef\u00f3nica, los adultos mayores recibir\u00e1n orientaci\u00f3n legal de los dos abogados contratados por el CIAV, expertos en litigios civiles y consejer\u00eda a personas de edad avanzada, y podr\u00e1n ser referidos a los servicios que ofrece el CIAV, los otros abogados comunitarios de este proyecto, o a la Cl\u00ednica de Asistencia Legal de la Escuela de Derecho en el Recinto de R\u00edo Piedras. Adem\u00e1s, el CIAV tiene disponible un amplio directorio de servicios en los \u00e1mbitos sicol\u00f3gicos, de vivienda, entre otros para poder canalizar las necesidades del solicitante.<\/p>\n<p>La Decana de la Escuela de Derecho, Vivian I. Neptune Rivera, por su parte, explic\u00f3 que los dos abogados contratados, expertos en litigios civiles y consejer\u00eda a personas de edad avanzada, responder\u00e1n a traves de la l\u00ednea telef\u00f3nica a la poblaci\u00f3n de adultos mayores que llamen al 787-999- 9546 para ser orientados y referidos a las entidades pertinentes.<\/p>\n<p>Los abogados comunitarios de este proyecto servir\u00e1n a traves de las cuatro organizaciones sin fines de lucro subvencionadas. One Stop Career Center, Inc., contrat\u00f3 a dos abogadas que atender\u00e1n las Regiones Judiciales de Bayam\u00f3n y Arecibo. La Universidad del Turabo contrat\u00f3 un abogado que atender\u00e1 la Regi\u00f3n Judicial de Caguas, mientras que Envejecer en Armon\u00eda, Inc., tendr\u00e1 un abogado que trabajar\u00e1 la Regi\u00f3n Judicial de Aibonito. Por \u00faltimo, la Regi\u00f3n Judicial de Humacao ser\u00e1 atendida por el abogado que contratar\u00e1 el Proyecto de Apoyo Mutuo Mariana de la Asociaci\u00f3n Recreativa y Educativa Comunal del Barrio Mariana. Las organizaciones y sus abogados tendr\u00e1n la tarea de planificar un servicio directo a los adultos mayores en las comunidades, con actividades y visitas en sus casas, y con la ayuda de l\u00edderes comunitarios de las distintas regiones.<\/p>\n<p>El Fondo de Acceso a la Justicia creado por la FFAJ ha allegado cerca de $800,000 para la asistencia legal a v\u00edctimas del hurac\u00e1n. Adem\u00e1s de este proyecto con AARP, estos fondos al presente subvencionan organizaciones que llevan actividades de asistencia legal gratuita sobre solicitudes de fondos FEMA y asistencia legal en los Centros de Recuperaci\u00f3n por Desastres de FEMA.<\/p>\n<p>Para informaci\u00f3n, puede acceder a la p\u00e1gina web <a href=\"http:\/\/www.fundacionfondoaccesoalajusticia.org\" target=\"_blank\">www.fundacionfondoaccesoalajusticia.org<\/a>. Tambien puede escribir directamente al correo electr\u00f3nico fundacionaccesojusticia@gmail.com o llamar a la FFAJ al (787) 725-0117.<\/p>","protected":false},"excerpt":{"rendered":"<p>Fondo de Acceso a la Justicia y AARP se unen. La Fundaci\u00f3n Fondo de Acceso a la Justicia (FFAJ) y AARP Puerto Rico anunciaron el lanzamiento de un nuevo proyecto de servicios legales relacionados a la emergencia del Hurac\u00e1n Mar\u00eda a personas de 50 a\u00f1os o m\u00e1s. Gracias a la donaci\u00f3n de AARP Foundation al [&hellip;]<\/p>","protected":false},"author":0,"featured_media":565701,"comment_status":"closed","ping_status":"closed","sticky":false,"template":"","format":"standard","meta":{"_acf_changed":false,"_monsterinsights_skip_tracking":false,"ep_exclude_from_search":false,"footnotes":""},"categories":[4,2],"tags":[],"class_list":["post-130063","post","type-post","status-publish","format-standard","has-post-thumbnail","hentry","category-gobierno","category-ultima-hora"],"acf":[],"aioseo_notices":[],"_links":{"self":[{"href":"https:\/\/noticel.com\/en\/wp-json\/wp\/v2\/posts\/130063","targetHints":{"allow":["GET"]}}],"collection":[{"href":"https:\/\/noticel.com\/en\/wp-json\/wp\/v2\/posts"}],"about":[{"href":"https:\/\/noticel.com\/en\/wp-json\/wp\/v2\/types\/post"}],"replies":[{"embeddable":true,"href":"https:\/\/noticel.com\/en\/wp-json\/wp\/v2\/comments?post=130063"}],"version-history":[{"count":1,"href":"https:\/\/noticel.com\/en\/wp-json\/wp\/v2\/posts\/130063\/revisions"}],"predecessor-version":[{"id":565704,"href":"https:\/\/noticel.com\/en\/wp-json\/wp\/v2\/posts\/130063\/revisions\/565704"}],"wp:featuredmedia":[{"embeddable":true,"href":"https:\/\/noticel.com\/en\/wp-json\/wp\/v2\/media\/565701"}],"wp:attachment":[{"href":"https:\/\/noticel.com\/en\/wp-json\/wp\/v2\/media?parent=130063"}],"wp:term":[{"taxonomy":"category","embeddable":true,"href":"https:\/\/noticel.com\/en\/wp-json\/wp\/v2\/categories?post=130063"},{"taxonomy":"post_tag","embeddable":true,"href":"https:\/\/noticel.com\/en\/wp-json\/wp\/v2\/tags?post=130063"}],"curies":[{"name":"wp","href":"https:\/\/api.w.org\/{rel}","templated":true}]}}