{"id":129544,"date":"2018-06-16T17:54:22","date_gmt":"2018-06-16T21:54:22","guid":{"rendered":"https:\/\/www.noticel.com\/musica\/pop\/20180616\/sabina-enmudece-en-mitad-de-concierto\/"},"modified":"2025-07-19T01:53:10","modified_gmt":"2025-07-19T01:53:10","slug":"sabina-enmudece-en-mitad-de-concierto","status":"publish","type":"post","link":"https:\/\/noticel.com\/en\/entretenimiento\/musica\/20180616\/sabina-enmudece-en-mitad-de-concierto\/","title":{"rendered":"Sabina enmudece en mitad de concierto"},"content":{"rendered":"<p><i>En Madrid<\/i><\/p>\n<p>Joaqu\u00edn Sabina, que regresaba esta noche a Madrid para dar su quinto concierto en la ciudad con motivo de la gira &#8216;Lo niego todo&#8217;, ha abandonado el escenario del WiZink Center a mitad del espect\u00e1culo porque se ha quedado &#8216;totalmente mudo&#8217;.<\/p>\n<p>&#8216;Joaqu\u00edn se ha quedado totalmente mudo y no va a poder seguir el concierto. Lo sentimos de todo coraz\u00f3n&#8217;, ha dicho Pancho Varona alrededor de las 23:20 horas, tras haber abandonado Sabina (\u00dabeda, Jaen, 1949) el escenario en torno a las 23:00 horas.<\/p><div class=\"notic-content-middle\" id=\"notic-321128074\"><div class=\"notic-adlabel\">Advertisements<\/div><a data-no-instant=\"1\" href=\"https:\/\/qrco.de\/bgxd5v\" rel=\"noopener\" class=\"a2t-link\" target=\"_blank\" aria-label=\"DisplayAds-970&#215;2502\"><img loading=\"lazy\" decoding=\"async\" src=\"https:\/\/cdn.noticel.com\/2026\/09\/02200838\/DisplayAds-970x2502-1.jpg\" alt=\"\"  srcset=\"https:\/\/cdn.noticel.com\/2026\/09\/02200838\/DisplayAds-970x2502-1.jpg 970w, https:\/\/cdn.noticel.com\/2026\/09\/02200838\/DisplayAds-970x2502-1-300x77.jpg 300w, https:\/\/cdn.noticel.com\/2026\/09\/02200838\/DisplayAds-970x2502-1-768x198.jpg 768w, https:\/\/cdn.noticel.com\/2026\/09\/02200838\/DisplayAds-970x2502-1-18x5.jpg 18w\" sizes=\"(max-width: 970px) 100vw, 970px\" width=\"970\" height=\"250\"   \/><\/a><\/div>\n<p>El cantante hab\u00eda colgado el cartel de entradas agotadas para la cita de esta noche en Madrid, que comenzaba a las 21:40 horas recordando sus problemas de salud durante la gira, y asegurando: &#8216;Lo \u00fanico que realmente lo rejuvenece a uno es sentir esas cosas en el est\u00f3mago, esos nervios terribles, que pasan cuando uno se sube al escenario en Madrid&#8217;.<\/p>\n<p>&#8216;No est\u00e1n viendo ustedes un buen concierto por mi parte hoy&#8217;, reconoc\u00eda m\u00e1s tarde el artista, a mitad del espect\u00e1culo, para despues abandonar el escenario en mitad de &#8216;Y sin embargo&#8217;, tema que ha seguido Antonio Garc\u00eda de Diego.<\/p>\n<p>Sabina estren\u00f3 la gira &#8216;Lo niego todo&#8217; en mayo de 2017 en Mexico -despues de tener que reprogramar las fechas de su inicio, en marzo de ese a\u00f1o, tras ser operado de una hernia ventral-, y despues tuvo que volver a interrumpir el tour cuando en abril de este a\u00f1o sufri\u00f3 una tromboflebitis en la vena ilofemoral de la pierna izquierda.<\/p>","protected":false},"excerpt":{"rendered":"<p>En Madrid Joaqu\u00edn Sabina, que regresaba esta noche a Madrid para dar su quinto concierto en la ciudad con motivo de la gira &#8216;Lo niego todo&#8217;, ha abandonado el escenario del WiZink Center a mitad del espect\u00e1culo porque se ha quedado &#8216;totalmente mudo&#8217;. &#8216;Joaqu\u00edn se ha quedado totalmente mudo y no va a poder seguir [&hellip;]<\/p>","protected":false},"author":0,"featured_media":523514,"comment_status":"closed","ping_status":"closed","sticky":false,"template":"","format":"standard","meta":{"_acf_changed":false,"_monsterinsights_skip_tracking":false,"ep_exclude_from_search":false,"footnotes":""},"categories":[53],"tags":[],"class_list":["post-129544","post","type-post","status-publish","format-standard","has-post-thumbnail","hentry","category-musica"],"acf":[],"aioseo_notices":[],"_links":{"self":[{"href":"https:\/\/noticel.com\/en\/wp-json\/wp\/v2\/posts\/129544","targetHints":{"allow":["GET"]}}],"collection":[{"href":"https:\/\/noticel.com\/en\/wp-json\/wp\/v2\/posts"}],"about":[{"href":"https:\/\/noticel.com\/en\/wp-json\/wp\/v2\/types\/post"}],"replies":[{"embeddable":true,"href":"https:\/\/noticel.com\/en\/wp-json\/wp\/v2\/comments?post=129544"}],"version-history":[{"count":1,"href":"https:\/\/noticel.com\/en\/wp-json\/wp\/v2\/posts\/129544\/revisions"}],"predecessor-version":[{"id":523517,"href":"https:\/\/noticel.com\/en\/wp-json\/wp\/v2\/posts\/129544\/revisions\/523517"}],"wp:featuredmedia":[{"embeddable":true,"href":"https:\/\/noticel.com\/en\/wp-json\/wp\/v2\/media\/523514"}],"wp:attachment":[{"href":"https:\/\/noticel.com\/en\/wp-json\/wp\/v2\/media?parent=129544"}],"wp:term":[{"taxonomy":"category","embeddable":true,"href":"https:\/\/noticel.com\/en\/wp-json\/wp\/v2\/categories?post=129544"},{"taxonomy":"post_tag","embeddable":true,"href":"https:\/\/noticel.com\/en\/wp-json\/wp\/v2\/tags?post=129544"}],"curies":[{"name":"wp","href":"https:\/\/api.w.org\/{rel}","templated":true}]}}