{"id":129317,"date":"2018-07-25T22:12:50","date_gmt":"2018-07-26T02:12:50","guid":{"rendered":"https:\/\/www.noticel.com\/ahora\/politica\/ppd\/top-stories\/20180725\/ferrer-llama-a-combatir-de-frente-a-la-junta-fiscal\/"},"modified":"2025-07-18T16:51:12","modified_gmt":"2025-07-18T16:51:12","slug":"ferrer-llama-a-combatir-de-frente-a-la-junta-fiscal","status":"publish","type":"post","link":"https:\/\/noticel.com\/en\/ultima-hora\/20180725\/ferrer-llama-a-combatir-de-frente-a-la-junta-fiscal\/","title":{"rendered":"Ferrer llama a combatir de frente a la Junta Fiscal"},"content":{"rendered":"<p><i>Defiende vigencia del PPD<\/i><\/p>\n<p>El presidente del Partido Popular Democr\u00e1tico (PPD) Hector Ferrer R\u00edos admiti\u00f3 que la imposici\u00f3n de la Junta de Control cuestiona los poderes del Estado Libre Asociado (ELA).<\/p>\n<p>&#8216;Como populares, tenemos que reconocer y estamos obligados a aceptar que la imposici\u00f3n de la Junta por el Congreso de los Estados Unidos cuestiona nuestros poderes y nos retrotrae&#8217;, expres\u00f3 Ferrer R\u00edos durante su mensaje durante los actos en conmemoraci\u00f3n del ELA en Caguas.<\/p>\n<p>El presidente de la pava denunci\u00f3 que el ente creado por PROMESA y su pretensi\u00f3n de gobernar el pa\u00eds es una violaci\u00f3n al derecho natural de autogobierno por lo que emplaz\u00f3 al gobernador Ricardo Rossell\u00f3 a impugnar su constitucionalidad.<\/p>\n<p>&#8216;Por eso, reitero el emplazamiento al Gobernador: impugne la ley, defienda el derecho de los puertorrique\u00f1os a votar y a escoger, defienda la instituci\u00f3n de la gobernaci\u00f3n, no tenga miedo, no claudique. Que si usted no lo hace, \u00a1nosotros los populares en enero del 2021 lo haremos!&#8217;,<\/p>\n<p>&#8216;No puedo pararme aqu\u00ed frente a ustedes e ignorar que el Estado Libre Asociado est\u00e1 siendo cuestionado. Que la esencia de su fundaci\u00f3n, el auto gobierno, el derecho a gobernarnos est\u00e1 bajo asedio. La JCF es contraria a nuestros derechos, es contraria a nuestra Constituci\u00f3n, es contraria a la palabra que el pueblo norteamericano empe\u00f1\u00f3 con nuestro pueblo&#8217;, plante\u00f3 mientras se dirig\u00eda a los presentes en el Paseo de las Artes en Caguas.<\/p>\n<p>A los actos conmemorativos comparecieron los exgobernadores Rafael Hern\u00e1ndez Col\u00f3n y Sila M. Calder\u00f3n, la expresidenta del PPD Victoria Mu\u00f1oz, adem\u00e1s de liderato de la colectividad.<\/p>\n<p>Durante su alocuci\u00f3n, Ferrer R\u00edos defendi\u00f3 la vigencia del Partido Popular que este a\u00f1o cumple 50 a\u00f1os, para lo que dijo inici\u00f3 un proceso de introspecci\u00f3n a cargo del senador An\u00edbal Jose Torres. En lo que pareci\u00f3 arrancar la campa\u00f1a electoral, el presidente del PPD anunci\u00f3 que comenzar\u00e1 di\u00e1logos con todos los sectores camino al 2020.<\/p>\n<p>&#8216;El proyecto de los pr\u00f3ximos 80 a\u00f1os est\u00e1 encaminado. Est\u00e1 encaminado no para destruir lo que somos o de donde vinimos. Sino para CONSTRUIR sobre la base que fund\u00f3 Mu\u00f1oz. No podemos esperar al a\u00f1o electoral. El partido popular debe estar preparado desde ahora para gobernar bien&#8217;, dijo.<\/p>\n<p>Anunci\u00f3 que pr\u00f3ximamente tambien citar\u00e1 a los expresidentes y exgobernadores del PPD para dialogar sobre propuestas espec\u00edficas para atender los problemas que vive el pa\u00eds.<\/p>\n<p>Repitiendo varias veces &#8216;acomp\u00e1\u00f1enme&#8217; Ferrer R\u00edos, uno de los que figura coo posible aspirante a la gobernaci\u00f3n se comprometi\u00f3 a luchar para construir una relaci\u00f3n digna y permanente con los Estados Unidos, conforme a los 10 principios del Estado Libre Asociado.<\/p>\n<p>&#8216;Una relaci\u00f3n que nos garantice nuestra ciudadan\u00eda americana por nacimiento y nuestra identidad puertorrique\u00f1a. Una relaci\u00f3n que permita un desarrollo econ\u00f3mico pleno, que permita la creaci\u00f3n de empleos y preserve nuestra autonom\u00eda fiscal&#8217;, explic\u00f3.<\/p><div class=\"notic-content-middle\" id=\"notic-662991614\"><div class=\"notic-adlabel\">Advertisements<\/div><a data-no-instant=\"1\" href=\"https:\/\/www.asegurate-bien.com\/\" rel=\"noopener\" class=\"a2t-link\" target=\"_blank\" aria-label=\"Acodese-Adaptaciones-Noticel-728&#215;90\"><img loading=\"lazy\" decoding=\"async\" src=\"https:\/\/cdn.noticel.com\/2026\/07\/30095222\/Acodese-Adaptaciones-Noticel-728x90-1.jpg\" alt=\"\"  srcset=\"https:\/\/cdn.noticel.com\/2026\/07\/30095222\/Acodese-Adaptaciones-Noticel-728x90-1.jpg 728w, https:\/\/cdn.noticel.com\/2026\/07\/30095222\/Acodese-Adaptaciones-Noticel-728x90-1-300x37.jpg 300w, https:\/\/cdn.noticel.com\/2026\/07\/30095222\/Acodese-Adaptaciones-Noticel-728x90-1-18x2.jpg 18w\" sizes=\"(max-width: 728px) 100vw, 728px\" width=\"728\" height=\"90\"   \/><\/a><\/div>\n<p>Ferrer dijo que se debe considerar propuestas como la extensi\u00f3n del voto presidencial a todos los ciudadanos estadounidenses aunque vivan fuera de EEUU.<\/p>\n<p>&#8216;Esa es una propuesta liberal y progresista del Partido Dem\u00f3crata en Estados Unidos&#8217;, sostuvo.<\/p>\n<p><a href=\"https:\/\/noticel.com\/en\/ahora\/politica\/ppd\/hector-ferrer-pide-mas-ela-y-menos-junta\/773230275\/\" target=\"_blank\">Mira el video de lo que dijo Ferrer:<\/a><\/p>\n<p><img decoding=\"async\" embed-content-articleid=\"773230275\" embed-content-groupid=\"593030471\" embed-content-id=\"773244578\" embed-content-imgalign=\"none\" embed-content-index=\"0\" embed-content-location=\"input_story-body\" embed-content-type=\"subStoryType\" height=\"240px\" src=\"https:\/\/media.noticel.com\/o2com-noti-media-us-east-1\/photo\/2018\/07\/25\/2018%20PPD%20ELA%20CAGUAS%20CONSTITUCION%20JRCR%209_1532560082832.jpg_12554987_ver1.0_160_90.jpg\" style=\"width:100%;\" width=\"360px\"\/><\/p>\n<p>Durante su mensaje, Ferrer R\u00edos alab\u00f3 la Constituci\u00f3n a que llam\u00f3 un &#8216;documento de avanzada para proteger los derechos de los puertorrique\u00f1os, que garantiza la educaci\u00f3n p\u00fablica, el derecho a la intimidad, el derecho a expresarnos libremente, el derecho de asociarnos como lo hacemos hoy en esta plaza&#8217;.<\/p>\n<p>&#8216;Vivimos momentos hist\u00f3ricos en Puerto Rico. La crisis econ\u00f3mica recrudece. Un choque constitucional permea nuestra relaci\u00f3n con los Estados Unidos. El desempleo, la criminalidad, el abuso en la contrataci\u00f3n gubernamental, la falta de transparencia, la incompetencia, la falta de madurez y la mentira nos gobiernan&#8217;, sostuvo Ferrer.<\/p>\n<p>El PPD reconoci\u00f3 la labor de los alcaldes durante la emergencia tras el hurac\u00e1n Mar\u00eda. Durante la actividad se mostr\u00f3 un v\u00eddeo con im\u00e1genes de la labor realizada por estos tras el cicl\u00f3n.<\/p>\n<p>Ferrer agradeci\u00f3 a los alcaldes por su gesti\u00f3n pese al abandono de un gobierno central.<\/p>\n<p>&#8216;Un gobierno que pas\u00f3 m\u00e1s tiempo en aire acondicionado, con jackets y gorras, siguiendo un libreto de publicidad. Perdidos, sin poner en acci\u00f3n un plan de emergencia, en vez de atender las necesidades del pa\u00eds. Un gobierno central que no pudo atender la emergencia y que criminalmente minti\u00f3 en cuanto al n\u00famero de muertes&#8217;, insisti\u00f3.<\/p>\n<p>El presidente del PPD dijo que la respuesta de los alcaldes durante la emergencia hace m\u00e1s evidente la necesidad de elevar a rango constitucional la autonom\u00eda municipal.<\/p>\n<p>&#8216;Los primeros y primeras que respondieron al embate del hurac\u00e1n Mar\u00eda. A los que antes, durante y despues del paso del Hurac\u00e1n estuvieron atendiendo y resolviendo ante la devastaci\u00f3n en nuestras comunidades y municipios; los alcaldes y alcaldesas de Puerto Rico. A ellos y ellas, nuestro agradecimiento y nuestro reconocimiento&#8217;, a\u00f1adi\u00f3 Ferrer.<\/p>\n<p><a href=\"https:\/\/noticel.com\/en\/galeria\/ppd-defiende-su-vigencia-en-celebracion-del-ela\/773155507\/\" target=\"_blank\">Mira la galer\u00eda de fotos de lo que pas\u00f3 en Caguas:<\/a><\/p>\n<p><img decoding=\"async\" embed-content-articleid=\"773155507\" embed-content-groupid=\"593030475\" embed-content-id=\"773155509\" embed-content-imgalign=\"none\" embed-content-index=\"0\" embed-content-location=\"input_story-body\" embed-content-type=\"GALLERY\" src=\"https:\/\/media.noticel.com\/o2com-noti-media-us-east-1\/photo\/2018\/07\/25\/2018%20PPD%20ELA%20CAGUAS%20CONSTITUCION%20JRCR%207_1532560088571.jpg_12554989_ver1.0_160_90.jpg\" style=\"width:100%;\"\/><\/p>","protected":false},"excerpt":{"rendered":"<p>Defiende vigencia del PPD El presidente del Partido Popular Democr\u00e1tico (PPD) Hector Ferrer R\u00edos admiti\u00f3 que la imposici\u00f3n de la Junta de Control cuestiona los poderes del Estado Libre Asociado (ELA). &#8216;Como populares, tenemos que reconocer y estamos obligados a aceptar que la imposici\u00f3n de la Junta por el Congreso de los Estados Unidos cuestiona [&hellip;]<\/p>","protected":false},"author":0,"featured_media":518583,"comment_status":"closed","ping_status":"closed","sticky":false,"template":"","format":"standard","meta":{"_acf_changed":false,"_monsterinsights_skip_tracking":false,"ep_exclude_from_search":false,"footnotes":""},"categories":[7,2],"tags":[],"class_list":["post-129317","post","type-post","status-publish","format-standard","has-post-thumbnail","hentry","category-politica","category-ultima-hora"],"acf":[],"aioseo_notices":[],"_links":{"self":[{"href":"https:\/\/noticel.com\/en\/wp-json\/wp\/v2\/posts\/129317","targetHints":{"allow":["GET"]}}],"collection":[{"href":"https:\/\/noticel.com\/en\/wp-json\/wp\/v2\/posts"}],"about":[{"href":"https:\/\/noticel.com\/en\/wp-json\/wp\/v2\/types\/post"}],"replies":[{"embeddable":true,"href":"https:\/\/noticel.com\/en\/wp-json\/wp\/v2\/comments?post=129317"}],"version-history":[{"count":1,"href":"https:\/\/noticel.com\/en\/wp-json\/wp\/v2\/posts\/129317\/revisions"}],"predecessor-version":[{"id":518662,"href":"https:\/\/noticel.com\/en\/wp-json\/wp\/v2\/posts\/129317\/revisions\/518662"}],"wp:featuredmedia":[{"embeddable":true,"href":"https:\/\/noticel.com\/en\/wp-json\/wp\/v2\/media\/518583"}],"wp:attachment":[{"href":"https:\/\/noticel.com\/en\/wp-json\/wp\/v2\/media?parent=129317"}],"wp:term":[{"taxonomy":"category","embeddable":true,"href":"https:\/\/noticel.com\/en\/wp-json\/wp\/v2\/categories?post=129317"},{"taxonomy":"post_tag","embeddable":true,"href":"https:\/\/noticel.com\/en\/wp-json\/wp\/v2\/tags?post=129317"}],"curies":[{"name":"wp","href":"https:\/\/api.w.org\/{rel}","templated":true}]}}