{"id":129310,"date":"2018-07-27T19:06:09","date_gmt":"2018-07-27T23:06:09","guid":{"rendered":"https:\/\/www.noticel.com\/ahora\/gobierno\/top-stories\/20180727\/sin-plan-inmediato-para-combatir-fuga-de-talentos-forenses\/"},"modified":"2025-07-18T16:14:38","modified_gmt":"2025-07-18T16:14:38","slug":"sin-plan-inmediato-para-combatir-fuga-de-talentos-forenses","status":"publish","type":"post","link":"https:\/\/noticel.com\/en\/ultima-hora\/20180727\/sin-plan-inmediato-para-combatir-fuga-de-talentos-forenses\/","title":{"rendered":"Sin plan inmediato para combatir fuga de talentos forenses"},"content":{"rendered":"<p><i>A ra\u00edz de la crisis en el NCF.<\/i><\/p>\n<p>Ante la crisis palpable en el Negociado de Ciencias Forenses (NCF), el Gobierno de Puerto Rico carece de un plan de acci\u00f3n a corto plazo para evitar la fuga de especialistas en este campo que se trasladan a otras jurisdicciones para devengar un salario mayor, como es el caso de los pat\u00f3logos.<\/p>\n<p>Aunque el gobernador Ricardo Rossell\u00f3 Nevares y el secretario del Departamento de Seguridad P\u00fablica (DSP), <a href=\"https:\/\/noticel.com\/en\/ahora\/gobierno\/pesquera-alega-agenda-contra-ciencias-forenses\/772407594\/\" target=\"_blank\">Hector Pesquera<\/a>, solicitaron intervenci\u00f3n federal para resolver los problemas inmediatos, como el c\u00famulo de m\u00e1s de 300 cad\u00e1veres, el problema de la fuerza laboral local continuar\u00e1 presente.<\/p>\n<p>&#8216;A mediano y largo plazo ser\u00eda cambiar las condiciones como bien establece, ya bien sea considerando que puedan beneficiarse de la Ley 14, puedan beneficiarse de otra serie de medidas que se estar\u00e1n implementando con el mismo C\u00f3digo de Incentivos, unas iniciativas para atraer recurso humano en general en el \u00e1rea de las Ciencias Medicas&#8217;, contest\u00f3 el Gobernador a preguntas de NotiCel durante una conferencia de prensa.<\/p>\n<p>La Ley de Incentivos Para la Retenci\u00f3n y Retorno de Profesionales Medicos, o Ley 14 de 2017, establece una tasa de contribuci\u00f3n sobre ingresos de 4% y dividendos devengados en la pr\u00e1ctica medica a los medicos residentes en Puerto Rico.<\/p>\n<p>De entrada, y seg\u00fan se ha revelado durante los pasados d\u00edas, el NCF emplea a seis pat\u00f3logos y uno de ellos labora por contrato.<\/p>\n<p>Ante preguntas de este medio sobre la posibilidad de recibir ayuda de instituciones universitarias locales para disminuir los problemas, como el Recinto de Ciencias Medicas de la Universidad de Puerto Rico, el Gobernador se mostr\u00f3 dispuesto a explorar la opci\u00f3n.<\/p>\n<p>Mientras que el Recinto de Ciencias Medicas no ofrece una concentraci\u00f3n en Ciencias Forenses, cuenta con programas en \u00e1reas relacionadas a las labores que se ejecutan en el NCF, como la Toxicolog\u00eda.<\/p>\n<p>Sin embargo, de manera inmediata solicit\u00f3 al secretario del Departamento de Salud Federal, Alex Azar, allegar recursos para cumplir con la necesidad de entre 12 a 15 pat\u00f3logos forenses para el negociado.<\/p><div class=\"notic-content-middle\" id=\"notic-4121295541\"><div class=\"notic-adlabel\">Advertisements<\/div><a data-no-instant=\"1\" href=\"https:\/\/www.asegurate-bien.com\/\" rel=\"noopener\" class=\"a2t-link\" target=\"_blank\" aria-label=\"Acodese-Adaptaciones-Noticel-728&#215;90\"><img loading=\"lazy\" decoding=\"async\" src=\"https:\/\/cdn.noticel.com\/2026\/07\/30095222\/Acodese-Adaptaciones-Noticel-728x90-1.jpg\" alt=\"\"  srcset=\"https:\/\/cdn.noticel.com\/2026\/07\/30095222\/Acodese-Adaptaciones-Noticel-728x90-1.jpg 728w, https:\/\/cdn.noticel.com\/2026\/07\/30095222\/Acodese-Adaptaciones-Noticel-728x90-1-300x37.jpg 300w, https:\/\/cdn.noticel.com\/2026\/07\/30095222\/Acodese-Adaptaciones-Noticel-728x90-1-18x2.jpg 18w\" sizes=\"(max-width: 728px) 100vw, 728px\" width=\"728\" height=\"90\"   \/><\/a><\/div>\n<p>&#8216;Es una muy buena sugerencia. [\u2026] Le estamos solicitando para poder ir haciendo en ese proceso los cambios y los ajustes que tengamos, identificando fuentes de recursos para poder entonces tener pat\u00f3logos que puedan trabajar, pero la sugerencia de trabajar con el Recinto de Ciencias Medicas, entre otras es una muy buena y es una que est\u00e1 en estado inicial, y podr\u00eda ser parte de la soluci\u00f3n&#8217;, declar\u00f3 Rossell\u00f3 Nevares, quien record\u00f3 que los problemas en el NCF no surgieron en el presente, sino que son el reflejo de varios a\u00f1os de recortes presupuestarios.<\/p>\n<p>Otras instituciones, como la Unviersidad Interamericana, ofrecen cursos de Ciencias Forenses.<\/p>\n<p>En terminos salariales, de acuerdo a la derogada Ley 13 de 1945, el ingreso m\u00ednimo de un Pat\u00f3logo Forense era de $65,000 al a\u00f1o. El nuevo estatuto por el que se rige la agencia bajo la sombrilla del DSP no contiene una estipulaci\u00f3n monetaria para esa profesi\u00f3n.<\/p>\n<p>En Estados Unidos, por su parte, la cantidad var\u00eda entre $80,000 y $272,000 anual tras consideraciones especiales por a\u00f1os de experiencia, ubicaci\u00f3n y posici\u00f3n, seg\u00fan el portal <a href=\"http:\/\/itsgov.com\/forensic-pathologist-salary-requirements-education.html\" target=\"_blank\">ItsGov.com<\/a>.<\/p>\n<p>&#8216;Hay muchos problemas y los estamos tratando de tomar en orden de prioridad. La consideraci\u00f3n principal urgente que ten\u00eda el Negociado era que las contrataciones se le permitiera tener el tiempo extendido para trabajar en horario extendido. Eso lo atendimos para que se pudiera continuar el curso, y los pat\u00f3logos y el recurso humano pudiera permanecer&#8217;, asegur\u00f3 Rossell\u00f3 Nevares.<\/p>\n<p>Seg\u00fan anuncios recientes, un <a href=\"https:\/\/noticel.com\/en\/ahora\/gobierno\/equipo-federal-de-avanzada-arribara-a-ciencias-forenses\/773895219\/\" target=\"_blank\">equipo federal de avanzada<\/a> llegar\u00e1 hoy al NCF, luego de las peticiones del gobierno local y las denuncias de cad\u00e1veres hacinados desde el paso del hurac\u00e1n Mar\u00eda en septiembre de 2017. Asimismo, la Agencia Federal para el Manejo de Emergencias (FEMA, por sus siglas en ingles), aprob\u00f3 la entrega de <a href=\"https:\/\/noticel.com\/en\/ahora\/gobierno\/fema-aprueba-fondos-para-aliviar-crisis-en-ciencias-forenses\/774114672\/\" target=\"_blank\">$2 millones para manejar las deficiencias<\/a> en el Negociado.<\/p>\n<p>Hasta el domingo, el Negociado indic\u00f3 que tienen un total de 330 cad\u00e1veres, de los cuales 154 no est\u00e1n identificados (Jane\/John Doe), 63 fueron identificados en el lugar donde murieron y no en el Negociado, 53 fueron identificados por familiares pero no han sido reclamados y 60 est\u00e1n pendientes de autopsia.<\/p>\n<p>Hace una semana, un grupo de <a href=\"https:\/\/noticel.com\/en\/ahora\/legislatura\/legisladores-sorprenden-al-negociado-de-ciencias-forenses\/770895304\/\" target=\"_blank\">legisladores acudi\u00f3 de sorpresa<\/a> a las inmediaciones del NCF y luego radicaron un mandamus para obligar al DSP a que les permitiera el acceso a las instalaciones y cumplir con las disposiciones de la Resoluci\u00f3n de la C\u00e1mara 506.<\/p>\n<p>A esos fines, <a href=\"https:\/\/noticel.com\/en\/ahora\/tribunales\/tribunal-ordena-vista-sobre-acceso-a-ciencias-forenses\/774051978\/\" target=\"_blank\">tendr\u00e1n su primera vista<\/a> el martes, 31 de julio, a las diez de la ma\u00f1ana.<\/p>","protected":false},"excerpt":{"rendered":"<p>A ra\u00edz de la crisis en el NCF. Ante la crisis palpable en el Negociado de Ciencias Forenses (NCF), el Gobierno de Puerto Rico carece de un plan de acci\u00f3n a corto plazo para evitar la fuga de especialistas en este campo que se trasladan a otras jurisdicciones para devengar un salario mayor, como es [&hellip;]<\/p>","protected":false},"author":0,"featured_media":518356,"comment_status":"closed","ping_status":"closed","sticky":false,"template":"","format":"standard","meta":{"_acf_changed":false,"_monsterinsights_skip_tracking":false,"ep_exclude_from_search":false,"footnotes":""},"categories":[4,2],"tags":[],"class_list":["post-129310","post","type-post","status-publish","format-standard","has-post-thumbnail","hentry","category-gobierno","category-ultima-hora"],"acf":[],"aioseo_notices":[],"_links":{"self":[{"href":"https:\/\/noticel.com\/en\/wp-json\/wp\/v2\/posts\/129310","targetHints":{"allow":["GET"]}}],"collection":[{"href":"https:\/\/noticel.com\/en\/wp-json\/wp\/v2\/posts"}],"about":[{"href":"https:\/\/noticel.com\/en\/wp-json\/wp\/v2\/types\/post"}],"replies":[{"embeddable":true,"href":"https:\/\/noticel.com\/en\/wp-json\/wp\/v2\/comments?post=129310"}],"version-history":[{"count":1,"href":"https:\/\/noticel.com\/en\/wp-json\/wp\/v2\/posts\/129310\/revisions"}],"predecessor-version":[{"id":518358,"href":"https:\/\/noticel.com\/en\/wp-json\/wp\/v2\/posts\/129310\/revisions\/518358"}],"wp:featuredmedia":[{"embeddable":true,"href":"https:\/\/noticel.com\/en\/wp-json\/wp\/v2\/media\/518356"}],"wp:attachment":[{"href":"https:\/\/noticel.com\/en\/wp-json\/wp\/v2\/media?parent=129310"}],"wp:term":[{"taxonomy":"category","embeddable":true,"href":"https:\/\/noticel.com\/en\/wp-json\/wp\/v2\/categories?post=129310"},{"taxonomy":"post_tag","embeddable":true,"href":"https:\/\/noticel.com\/en\/wp-json\/wp\/v2\/tags?post=129310"}],"curies":[{"name":"wp","href":"https:\/\/api.w.org\/{rel}","templated":true}]}}