{"id":129109,"date":"2013-03-23T19:25:40","date_gmt":"2013-03-23T23:25:40","guid":{"rendered":"http:\/\/www.noticel.com\/ahora\/politica\/retiro\/20130323\/agp-crisis-de-retiro-es-el-ancla-que-arrastra-su-gobierno\/"},"modified":"2025-08-24T13:43:19","modified_gmt":"2025-08-24T13:43:19","slug":"agp-crisis-de-retiro-es-el-ancla-que-arrastra-su-gobierno","status":"publish","type":"post","link":"https:\/\/noticel.com\/en\/ultima-hora\/20130323\/agp-crisis-de-retiro-es-el-ancla-que-arrastra-su-gobierno\/","title":{"rendered":"AGP: Crisis de Retiro es el &#8216;ancla&#8217; que arrastra su gobierno"},"content":{"rendered":"<p>Como queriendo hacer un &#8216;check list&#8217; de las promesas que hizo que asegura haber cumplido, el gobernador Alejandro Garc\u00eda Padilla, repas\u00f3 su gesti\u00f3n con la prensa, a pocos d\u00edas de cumplir los 100 d\u00edas en el poder.<\/p>\n<p>Garc\u00eda Padilla arranc\u00f3 su mensaje ante m\u00e1s una veintena de periodistas que estaban en un desayuno efectuado por el Overseas Press Club en el Hotel Conrad en Condado, recapitulando la responsabilidad del periodismo desde el marco del caso de Watergate.<\/p>\n<p>&#8216;No hay buen Gobierno, si no hay buena informaci\u00f3n&#8217;, reiter\u00f3 Garc\u00eda Padilla.<\/p>\n<p>De hecho, destac\u00f3 el trabajo en conjunto que esta haciendo con el director del Instituto de Estad\u00edsticas, Mario Marazzi, para permitir la transparencia en el flujo de informaci\u00f3n.<\/p>\n<p>En su alocuci\u00f3n, el Primer Mandatario, intent\u00f3 explicar las circunstancias de la Reforma de Retiro y la Alianza P\u00fablico Privada (APP) en el Aeropuerto Luis Mu\u00f1oz Mar\u00edn.<\/p>\n<p>Sobre el Sistema de Retiro, trajo a la atenci\u00f3n la dif\u00edcil situaci\u00f3n fiscal que enfrenta, y argument\u00f3 que esto tendr\u00eda un impacto mayor al Fondo General, si no se toman las medidas cuajadas con la Legislatura.<\/p>\n<p>Este describi\u00f3 la situaci\u00f3n del Sistema de Retiro como un &#8216;ancla&#8217; para su Gobierno.<\/p><div class=\"notic-content-middle\" id=\"notic-3375906396\"><div class=\"notic-adlabel\">Advertisements<\/div><a data-no-instant=\"1\" href=\"https:\/\/www.asegurate-bien.com\/\" rel=\"noopener\" class=\"a2t-link\" target=\"_blank\" aria-label=\"Acodese-Adaptaciones-Noticel-970&#215;90\"><img loading=\"lazy\" decoding=\"async\" src=\"https:\/\/cdn.noticel.com\/2026\/07\/30100146\/Acodese-Adaptaciones-Noticel-970x90-1.jpg\" alt=\"\"  srcset=\"https:\/\/cdn.noticel.com\/2026\/07\/30100146\/Acodese-Adaptaciones-Noticel-970x90-1.jpg 970w, https:\/\/cdn.noticel.com\/2026\/07\/30100146\/Acodese-Adaptaciones-Noticel-970x90-1-300x28.jpg 300w, https:\/\/cdn.noticel.com\/2026\/07\/30100146\/Acodese-Adaptaciones-Noticel-970x90-1-768x71.jpg 768w, https:\/\/cdn.noticel.com\/2026\/07\/30100146\/Acodese-Adaptaciones-Noticel-970x90-1-18x2.jpg 18w\" sizes=\"(max-width: 970px) 100vw, 970px\" width=\"970\" height=\"90\"   \/><\/a><\/div>\n<p>Para Garc\u00eda Padilla su plan para reformar Retiro es uno con &#8216;sensibilidad, de manera progresiva, y no regresiva&#8217;.<\/p>\n<p>De otro lado, sobre la APP del Aeropuerto, reiter\u00f3 que era una cuesti\u00f3n de no empe\u00f1ar la credibilidad para el pa\u00eds, despu\u00e9s de que la administraci\u00f3n pasada hab\u00eda cerrado dicho acuerdo.<\/p>\n<p>Pero m\u00e1s all\u00e1 de eso, apunt\u00f3 que &#8216;yo prefiero conservar los empleos del Aeropuerto, que conservar la edificaci\u00f3n&#8217;.<\/p>\n<p>Tambi\u00e9n habl\u00f3 de la Reforma Legislativa, donde cuestion\u00f3: cu\u00e1ndo fue la primera vez que los legisladores se bajaron sus ingresos a casi la mitad?<\/p>\n<p>Igualmente, plante\u00f3 que hab\u00eda eliminado la cuota de $800 en la Universidad de Puerto Rico, y que se hayan devueltos los terrenos agr\u00edcolas de Gurabo.<\/p>\n<p>En otros aspectos, destac\u00f3 los derechos que han adquirido en su administraci\u00f3n los miembros de la comunidad LGBTT, los indocumentados y las parejas heterosexuales que conviven, pero no est\u00e1n casadas.<\/p>","protected":false},"excerpt":{"rendered":"<p>Como queriendo hacer un &#8216;check list&#8217; de las promesas que hizo que asegura haber cumplido, el gobernador Alejandro Garc\u00eda Padilla, repas\u00f3 su gesti\u00f3n con la prensa, a pocos d\u00edas de cumplir los 100 d\u00edas en el poder. Garc\u00eda Padilla arranc\u00f3 su mensaje ante m\u00e1s una veintena de periodistas que estaban en un desayuno efectuado por [&hellip;]<\/p>","protected":false},"author":0,"featured_media":904967,"comment_status":"closed","ping_status":"closed","sticky":false,"template":"","format":"standard","meta":{"_acf_changed":false,"_monsterinsights_skip_tracking":false,"ep_exclude_from_search":false,"footnotes":""},"categories":[7,78,2],"tags":[],"class_list":["post-129109","post","type-post","status-publish","format-standard","has-post-thumbnail","hentry","category-politica","category-retiro","category-ultima-hora"],"acf":[],"aioseo_notices":[],"_links":{"self":[{"href":"https:\/\/noticel.com\/en\/wp-json\/wp\/v2\/posts\/129109","targetHints":{"allow":["GET"]}}],"collection":[{"href":"https:\/\/noticel.com\/en\/wp-json\/wp\/v2\/posts"}],"about":[{"href":"https:\/\/noticel.com\/en\/wp-json\/wp\/v2\/types\/post"}],"replies":[{"embeddable":true,"href":"https:\/\/noticel.com\/en\/wp-json\/wp\/v2\/comments?post=129109"}],"version-history":[{"count":1,"href":"https:\/\/noticel.com\/en\/wp-json\/wp\/v2\/posts\/129109\/revisions"}],"predecessor-version":[{"id":904997,"href":"https:\/\/noticel.com\/en\/wp-json\/wp\/v2\/posts\/129109\/revisions\/904997"}],"wp:featuredmedia":[{"embeddable":true,"href":"https:\/\/noticel.com\/en\/wp-json\/wp\/v2\/media\/904967"}],"wp:attachment":[{"href":"https:\/\/noticel.com\/en\/wp-json\/wp\/v2\/media?parent=129109"}],"wp:term":[{"taxonomy":"category","embeddable":true,"href":"https:\/\/noticel.com\/en\/wp-json\/wp\/v2\/categories?post=129109"},{"taxonomy":"post_tag","embeddable":true,"href":"https:\/\/noticel.com\/en\/wp-json\/wp\/v2\/tags?post=129109"}],"curies":[{"name":"wp","href":"https:\/\/api.w.org\/{rel}","templated":true}]}}