{"id":129107,"date":"2020-04-03T18:23:00","date_gmt":"2020-04-03T22:23:00","guid":{"rendered":"https:\/\/www.noticel.com\/ahora\/negocio-de-la-salud\/20200403\/todos-los-planes-medicos-cubriran-las-pruebas-de-covid-19\/"},"modified":"2025-07-20T08:54:26","modified_gmt":"2025-07-20T08:54:26","slug":"todos-los-planes-medicos-cubriran-las-pruebas-de-covid-19","status":"publish","type":"post","link":"https:\/\/noticel.com\/en\/ultima-hora\/20200403\/todos-los-planes-medicos-cubriran-las-pruebas-de-covid-19\/","title":{"rendered":"Todos los planes m\u00e9dicos cubrir\u00e1n las pruebas de COVID-19"},"content":{"rendered":"<h3>Seg\u00fan indic\u00f3 el secretario del Departamento de Salud, Lorenzo Gonz\u00e1lez.<\/h3>\n<p>Todos los planes m\u00e9dicos en Puerto Rico, p\u00fablicos o privados, van a cubrir las pruebas de COVID-19, que contin\u00faan realiz\u00e1ndose de manera limitada ante el pobre acceso a los reactivos que son necesarios para las pruebas moleculares.<\/p>\n<p>El secretario del Departamento de Salud, Lorenzo Gonz\u00e1lez, dijo hoy que se lleg\u00f3 a un acuerdo con los planes m\u00e9dicos para pagar $52 por las pruebas moleculares y de $35 a $38 por las pruebas r\u00e1pidas. Tambi\u00e9n se har\u00e1 un pago por el recogido de pruebas.<\/p>\n<p><strong id=\"strong-698eb14e44b7cd8c1aa29a1082c99c64\">Mira tambi\u00e9n<\/strong>: <a href=\"https:\/\/noticel.com\/en\/ahora\/top-stories\/20200403\/primera-muerte-de-enfermera-contagiada-con-coronavirus-en-pr\/\" id=\"link-8623ab72df82bdd93477a47be326c059\">Primera muerte de enfermera contagiada con coronavirus en PR<\/a><\/p>\n<p>Se\u00f1al\u00f3 que, en estos momentos, el laboratorio del Departamento de Salud realiza una m\u00e1ximo de 350 pruebas diarias, porque el reactivo est\u00e1 \u201cllegando a cuentagotas\u201d. A estas se suman las 260 pruebas que realiza el Laboratorio Toledo que tienen la misma limitaci\u00f3n.<\/p><div class=\"notic-content-middle\" id=\"notic-694851414\"><div class=\"notic-adlabel\">Advertisements<\/div><a data-no-instant=\"1\" href=\"https:\/\/www.asegurate-bien.com\/\" rel=\"noopener\" class=\"a2t-link\" target=\"_blank\" aria-label=\"Acodese-Adaptaciones-Noticel-970&#215;90\"><img loading=\"lazy\" decoding=\"async\" src=\"https:\/\/cdn.noticel.com\/2026\/07\/30100146\/Acodese-Adaptaciones-Noticel-970x90-1.jpg\" alt=\"\"  srcset=\"https:\/\/cdn.noticel.com\/2026\/07\/30100146\/Acodese-Adaptaciones-Noticel-970x90-1.jpg 970w, https:\/\/cdn.noticel.com\/2026\/07\/30100146\/Acodese-Adaptaciones-Noticel-970x90-1-300x28.jpg 300w, https:\/\/cdn.noticel.com\/2026\/07\/30100146\/Acodese-Adaptaciones-Noticel-970x90-1-768x71.jpg 768w, https:\/\/cdn.noticel.com\/2026\/07\/30100146\/Acodese-Adaptaciones-Noticel-970x90-1-18x2.jpg 18w\" sizes=\"(max-width: 970px) 100vw, 970px\" width=\"970\" height=\"90\"   \/><\/a><\/div>\n<p>\u201cEse reactivo llega en cantidades limitadas a Puerto Rico. El Departamento de Salud puede hacer hasta 350 pruebas por d\u00eda, esa capacidad se est\u00e1 aumentando al m\u00e1ximo, antes se estaban haciendo alrededor de 100\u201d, dijo el secretario.<\/p>\n<p>A\u00f1adi\u00f3 que se est\u00e1n realizando gestiones para tener mayor acceso a este reactivo.<\/p>\n<p>Al momento, en Puerto Rico hay 378 casos confirmados de coronavirus, 15 de las personas contagiadas han fallecido.<\/p>","protected":false},"excerpt":{"rendered":"<p>Seg\u00fan indic\u00f3 el secretario del Departamento de Salud, Lorenzo Gonz\u00e1lez. Todos los planes m\u00e9dicos en Puerto Rico, p\u00fablicos o privados, van a cubrir las pruebas de COVID-19, que contin\u00faan realiz\u00e1ndose de manera limitada ante el pobre acceso a los reactivos que son necesarios para las pruebas moleculares. El secretario del Departamento de Salud, Lorenzo Gonz\u00e1lez, [&hellip;]<\/p>","protected":false},"author":0,"featured_media":535416,"comment_status":"closed","ping_status":"closed","sticky":false,"template":"","format":"standard","meta":{"_acf_changed":false,"_monsterinsights_skip_tracking":false,"ep_exclude_from_search":false,"footnotes":""},"categories":[2],"tags":[],"class_list":["post-129107","post","type-post","status-publish","format-standard","has-post-thumbnail","hentry","category-ultima-hora"],"acf":[],"aioseo_notices":[],"_links":{"self":[{"href":"https:\/\/noticel.com\/en\/wp-json\/wp\/v2\/posts\/129107","targetHints":{"allow":["GET"]}}],"collection":[{"href":"https:\/\/noticel.com\/en\/wp-json\/wp\/v2\/posts"}],"about":[{"href":"https:\/\/noticel.com\/en\/wp-json\/wp\/v2\/types\/post"}],"replies":[{"embeddable":true,"href":"https:\/\/noticel.com\/en\/wp-json\/wp\/v2\/comments?post=129107"}],"version-history":[{"count":1,"href":"https:\/\/noticel.com\/en\/wp-json\/wp\/v2\/posts\/129107\/revisions"}],"predecessor-version":[{"id":535417,"href":"https:\/\/noticel.com\/en\/wp-json\/wp\/v2\/posts\/129107\/revisions\/535417"}],"wp:featuredmedia":[{"embeddable":true,"href":"https:\/\/noticel.com\/en\/wp-json\/wp\/v2\/media\/535416"}],"wp:attachment":[{"href":"https:\/\/noticel.com\/en\/wp-json\/wp\/v2\/media?parent=129107"}],"wp:term":[{"taxonomy":"category","embeddable":true,"href":"https:\/\/noticel.com\/en\/wp-json\/wp\/v2\/categories?post=129107"},{"taxonomy":"post_tag","embeddable":true,"href":"https:\/\/noticel.com\/en\/wp-json\/wp\/v2\/tags?post=129107"}],"curies":[{"name":"wp","href":"https:\/\/api.w.org\/{rel}","templated":true}]}}