{"id":128548,"date":"2018-09-12T20:28:00","date_gmt":"2018-09-13T00:28:00","guid":{"rendered":"https:\/\/www.noticel.com\/ahora\/educacion\/gobierno\/top-stories\/20180912\/sin-servicios-esenciales-definidos-las-decisiones-son-arbitrarias\/"},"modified":"2025-07-25T18:00:57","modified_gmt":"2025-07-25T18:00:57","slug":"sin-servicios-esenciales-definidos-las-decisiones-son-arbitrarias","status":"publish","type":"post","link":"https:\/\/noticel.com\/en\/ultima-hora\/20180912\/sin-servicios-esenciales-definidos-las-decisiones-son-arbitrarias\/","title":{"rendered":"Sin servicios esenciales definidos las decisiones son arbitrarias"},"content":{"rendered":"<p><i>Nadie dice qu\u00e9 es prioridad en el gasto p\u00fablico<\/i><\/p>\n<p>En el sal\u00f3n 228 de la Escuela Intermedia Carmen Feliciano Carreras de R\u00edo Grande, Maribella D\u00edaz imparte su \u00faltima clase del d\u00eda. Su hijo, Derek Canales, permanece sentado, dibujando junto a otros dos estudiantes.<\/p>\n<p>Diagnosticado con ceguera y perles\u00eda cerebral, Derek todav\u00eda espera por su primer d\u00eda de clase en el decimo grado de la Escuela Superior Isidro S\u00e1nchez de Luquillo. A casi un mes del comienzo del a\u00f1o escolar, el Departamento de Educaci\u00f3n no le ha asignado un asistente de servicio ni una maestra de educaci\u00f3n especial. Es por esto que el adolescente acompa\u00f1a a su madre al trabajo hasta tanto se resuelva la situaci\u00f3n.<\/p>\n<p>A juicio de Derek, el Gobierno falla a la hora de garantizar los servicios b\u00e1sicos a los que tiene derecho la poblaci\u00f3n de educaci\u00f3n especial.<\/p>\n<p>&#8216;En realidad pienso que el Gobernador no est\u00e1 haciendo su trabajo. Un gobernador protege a su pueblo y el no lo est\u00e1 protegiendo. Podemos ser una poblaci\u00f3n con problemas, pero no somos menos que nadie&#8217;, dijo el joven estudiante de 15 a\u00f1os.<\/p>\n<p>Por su parte, D\u00edaz cuestiona d\u00f3nde est\u00e1n las prioridades del Gobierno. &#8216;El Gobierno gasta much\u00edsimo dinero en cosas banales. Un servicio b\u00e1sico como la educaci\u00f3n, y lo que necesita un estudiante, deber\u00eda ser prioridad&#8217;, sostuvo.<\/p>\n<p>M\u00e1s all\u00e1 de ofrecer la definici\u00f3n generica de &#8216;salud, educaci\u00f3n y seguridad&#8217;, el Gobierno y la Junta de Control Fiscal dejaron entrever al Centro de Periodismo Investigativo (CPI) que no definir\u00e1n que servicios, programas y gastos son prioridad a la hora de abrir la chequera de un pa\u00eds quebrado y con su econom\u00eda en el piso.<\/p><div class=\"notic-content-middle\" id=\"notic-2059688001\"><div class=\"notic-adlabel\">Advertisements<\/div><a data-no-instant=\"1\" href=\"https:\/\/qrco.de\/bgxd5v\" rel=\"noopener\" class=\"a2t-link\" target=\"_blank\" aria-label=\"DisplayAds-970&#215;250\"><img loading=\"lazy\" decoding=\"async\" src=\"https:\/\/cdn.noticel.com\/2026\/08\/11180314\/DisplayAds-970x250-1.jpg\" alt=\"\"  srcset=\"https:\/\/cdn.noticel.com\/2026\/08\/11180314\/DisplayAds-970x250-1.jpg 970w, https:\/\/cdn.noticel.com\/2026\/08\/11180314\/DisplayAds-970x250-1-300x77.jpg 300w, https:\/\/cdn.noticel.com\/2026\/08\/11180314\/DisplayAds-970x250-1-768x198.jpg 768w, https:\/\/cdn.noticel.com\/2026\/08\/11180314\/DisplayAds-970x250-1-18x5.jpg 18w\" sizes=\"(max-width: 970px) 100vw, 970px\" width=\"970\" height=\"250\"   \/><\/a><\/div>\n<p>En quiebra o sin estarlo, antes y despues del hurac\u00e1n Mar\u00eda, el Gobierno de Puerto Rico lleva a\u00f1os siendo incapaz de proveer adecuadamente servicios esenciales a los ciudadanos. En el caso de Derek, por ejemplo, su problema est\u00e1 lejos de ser uno nuevo. A\u00f1o tras a\u00f1o, a principios de cada verano, su madre radica querellas en el Departamento de Educaci\u00f3n para asegurarse de que el joven tenga alguien que le asista como anotador, lector y a moverse, tan pronto comience el curso escolar. Este a\u00f1o, sin embargo, lleva tres querellas sin resultados y casi un mes de clases perdido.<\/p>\n<p>&#8216;Este a\u00f1o ha sido el m\u00e1s nefasto&#8217;, lament\u00f3 D\u00edaz.<\/p>\n<p>Hace unos d\u00edas, Educaci\u00f3n admiti\u00f3 que a\u00fan faltaban de cubrir 219 puestos de asistentes de servicios a estudiantes (clasificados T1). El programa de Educaci\u00f3n Especial recibi\u00f3 este a\u00f1o $74 millones menos en su presupuesto. Este rengl\u00f3n es solamente de uno de cientos que sufrieron reducciones en sus asignaciones presupuestarias, conforme al Plan Fiscal certificado por la Junta.<\/p>\n<p>A D\u00edaz no le extra\u00f1ar\u00eda que estos recortes tengan que ver con la tardanza de Educaci\u00f3n en identificar el personal necesario para atender adecuadamente las necesidades. En su caso, recuerda que los asistentes de servicio que necesita su hijo han dicho que se sienten &#8216;discriminados&#8217; y mal pagados, mientras que trabajan bajo contratos de corto plazo y en ocasiones est\u00e1n meses sin cobrar.<\/p>\n<p>Sin una definici\u00f3n de que es un servicio esencial, \u00bfc\u00f3mo y quien decide que servicios tienen prioridad a la hora de asignar fondos p\u00fablicos? \u00bfEl Gobierno o la Junta?<\/p>\n<p>Lea este reportaje completo en periodismoinvestigativo.com<\/p>","protected":false},"excerpt":{"rendered":"<p>Nadie dice qu\u00e9 es prioridad en el gasto p\u00fablico En el sal\u00f3n 228 de la Escuela Intermedia Carmen Feliciano Carreras de R\u00edo Grande, Maribella D\u00edaz imparte su \u00faltima clase del d\u00eda. Su hijo, Derek Canales, permanece sentado, dibujando junto a otros dos estudiantes. Diagnosticado con ceguera y perles\u00eda cerebral, Derek todav\u00eda espera por su primer [&hellip;]<\/p>","protected":false},"author":0,"featured_media":575916,"comment_status":"closed","ping_status":"closed","sticky":false,"template":"","format":"standard","meta":{"_acf_changed":false,"_monsterinsights_skip_tracking":false,"ep_exclude_from_search":false,"footnotes":""},"categories":[4,2],"tags":[],"class_list":["post-128548","post","type-post","status-publish","format-standard","has-post-thumbnail","hentry","category-gobierno","category-ultima-hora"],"acf":[],"aioseo_notices":[],"_links":{"self":[{"href":"https:\/\/noticel.com\/en\/wp-json\/wp\/v2\/posts\/128548","targetHints":{"allow":["GET"]}}],"collection":[{"href":"https:\/\/noticel.com\/en\/wp-json\/wp\/v2\/posts"}],"about":[{"href":"https:\/\/noticel.com\/en\/wp-json\/wp\/v2\/types\/post"}],"replies":[{"embeddable":true,"href":"https:\/\/noticel.com\/en\/wp-json\/wp\/v2\/comments?post=128548"}],"version-history":[{"count":1,"href":"https:\/\/noticel.com\/en\/wp-json\/wp\/v2\/posts\/128548\/revisions"}],"predecessor-version":[{"id":575923,"href":"https:\/\/noticel.com\/en\/wp-json\/wp\/v2\/posts\/128548\/revisions\/575923"}],"wp:featuredmedia":[{"embeddable":true,"href":"https:\/\/noticel.com\/en\/wp-json\/wp\/v2\/media\/575916"}],"wp:attachment":[{"href":"https:\/\/noticel.com\/en\/wp-json\/wp\/v2\/media?parent=128548"}],"wp:term":[{"taxonomy":"category","embeddable":true,"href":"https:\/\/noticel.com\/en\/wp-json\/wp\/v2\/categories?post=128548"},{"taxonomy":"post_tag","embeddable":true,"href":"https:\/\/noticel.com\/en\/wp-json\/wp\/v2\/tags?post=128548"}],"curies":[{"name":"wp","href":"https:\/\/api.w.org\/{rel}","templated":true}]}}