{"id":12731,"date":"2018-05-23T00:00:00","date_gmt":"2018-05-23T04:00:00","guid":{"rendered":"http:\/\/www.noticel.com\/ahora\/legislatura\/20180523\/cumbre-nacional-de-la-familia-discutira-temas-controvertibles\/"},"modified":"2025-07-25T11:26:02","modified_gmt":"2025-07-25T11:26:02","slug":"cumbre-nacional-de-la-familia-discutira-temas-controvertibles","status":"publish","type":"post","link":"https:\/\/noticel.com\/en\/ultima-hora\/20180523\/cumbre-nacional-de-la-familia-discutira-temas-controvertibles\/","title":{"rendered":"Cumbre Nacional de la Familia discutir\u00e1 temas controvertibles"},"content":{"rendered":"<p><i>Fue convocada por la senadora Nayda Venegas<\/i><\/p>\n<p>El Senado de Puerto Rico ser\u00e1 la sede ma\u00f1ana, miercoles, de la &#8216;Cumbre Nacional de la Familia&#8217;, que contar\u00e1 con la participaci\u00f3n de expertos en la materia.<\/p>\n<p>La convocatoria fue realizada por la senadora por el distrito de Carolina, Nayda Venegas Brown, quien recientemente present\u00f3 un proyecto de ley que impondr\u00eda trabas adicionales a la decisi\u00f3n de una mujer de abortar, adem\u00e1s de decretar sanciones a la clase medica que efect\u00fae una terminaci\u00f3n de embarazo.<\/p>\n<p>La cumbre se realizar\u00e1 en el sal\u00f3n Leopoldo Figueroa del Capitolio desde las 8:30 am y contar\u00e1 con la participaci\u00f3n de varios especialistas en medicina y leyes que discutir\u00e1n temas relacionados como &#8216;\u00bfQue es la Familia&#8217;, &#8216;La Patria Potestad&#8217; y \u00bfPor que con Nuestros Ni\u00f1os?&#8217;, entre otros:<\/p>\n<p>Dr. Cesar V\u00e1zquez Mu\u00f1iz, cardi\u00f3logo &#8211; Portavoz del grupo Puerto Rico por la Familia. Ha estado activo en temas como la perspectiva de genero, el aborto, el homosexualismo y el uso de la marihuana medicinal.<\/p>\n<p>Lcda. Sonimar Lozada, abogada &#8211; representante legal del grupo Alerta Puerto Rico, que demand\u00f3 en 2015 al Departamento de Educaci\u00f3n por la implementaci\u00f3n de la perspectiva de genero.<\/p>\n<p>Dr. Abdiel Cruz L\u00f3pez, sic\u00f3logo cl\u00ednico y Director de Happiness Well-Being Clinic. Tambien es recurso invitado de los programas radiales &#8216;En Ruta&#8217; y &#8216;Cerrando el D\u00eda&#8217; transmitidos por Nueva Vida (97.7FM), en programas especiales en Radio Redentor (104.1FM) y en el programa D\u00eda a D\u00eda por Telemundo canal 2. Ha desarrollado investigaciones con redacci\u00f3n en revistas cient\u00edficas en las \u00e1reas de: espiritualidad, gerontolog\u00eda, psicolog\u00eda pedi\u00e1trica y de felicidad.<\/p>\n<p>Dra. Lissie B\u00e1ez, neurosic\u00f3loga cl\u00ednica, mediadora certificada y pastora.<\/p>\n<p>&#8216;Nuestra idea nace de una preocupaci\u00f3n muy genuina, es decir, de una ausencia de valores en nuestro amado Pa\u00eds. Lamentablemente, en nuestra Isla ya no hay respeto, ni siquiera, por la vida de los seres humanos. Aqu\u00ed los asesinatos, muy tristemente, son los que ocupan la mayor\u00eda de los titulares de las noticias\u2026 Ya casi mucha gente no sue\u00f1a, ni tampoco tiene metas a corto ni a largo plazo&#8217;, manifest\u00f3 la legisladora del Partido Nuevo Progresista (PNP).<\/p>\n<p>&#8216;Contaremos con deponentes muy respetados y quienes tienen mucho peso en el tema de la familia. La familia, sin duda alguna, es la gran instituci\u00f3n de nuestra sociedad. De ah\u00ed es de donde nace todo, en fin, la iglesia, entre muchas otras cosas&#8217;, se\u00f1ala la tambien presidenta de la Comisi\u00f3n de Bienestar Social y Asuntos de la Familia.<\/p>\n<p>Pero la senadora ha sido duramente criticada en las \u00faltimas semanas por el borrador del proyecto titulado &#8216;Ley para la protecci\u00f3n de la mujer y la preservaci\u00f3n de la vida&#8217;, que exige a la paciente una espera de 48 horas antes de realizarse un aborto.<\/p>\n<p>En ese per\u00edodo, se ordena al medico a especificarle la edad del feto e informarle que &#8216;el aborto terminar\u00e1 la vida de un ser entero, separado y \u00fanico&#8217;. Tambien, el galeno tendr\u00e1 que enumerarle los riesgos medicos particulares asociados con el metodo, y los beneficios de asistencia medica disponibles para la atenci\u00f3n prenatal, el parto y la atenci\u00f3n neonatal.<\/p>\n<p>Sumado a eso, el aborto no podr\u00e1 ser efectuado &#8216;sin antes ofrecerle a la paciente una oportunidad de recibir y ver en la instalaci\u00f3n donde se realizar\u00e1 el aborto, u otra instalaci\u00f3n, un ultrasonido de su embarazo&#8217;.<\/p>\n<p>Sin embargo, el presidente del Senado, Thomas Rivera Schatz, revel\u00f3 que el proyecto no se pasar\u00e1 puesto que incluye unas &#8216;disposiciones que van contra las decisiones del Tribunal Supremo.<\/p>","protected":false},"excerpt":{"rendered":"<p>Fue convocada por la senadora Nayda Venegas El Senado de Puerto Rico ser\u00e1 la sede ma\u00f1ana, miercoles, de la &#8216;Cumbre Nacional de la Familia&#8217;, que contar\u00e1 con la participaci\u00f3n de expertos en la materia. La convocatoria fue realizada por la senadora por el distrito de Carolina, Nayda Venegas Brown, quien recientemente present\u00f3 un proyecto de [&hellip;]<\/p>","protected":false},"author":0,"featured_media":573478,"comment_status":"closed","ping_status":"closed","sticky":false,"template":"","format":"standard","meta":{"_acf_changed":false,"_monsterinsights_skip_tracking":false,"ep_exclude_from_search":false,"footnotes":""},"categories":[5,2],"tags":[],"class_list":["post-12731","post","type-post","status-publish","format-standard","has-post-thumbnail","hentry","category-legislatura","category-ultima-hora"],"acf":[],"aioseo_notices":[],"_links":{"self":[{"href":"https:\/\/noticel.com\/en\/wp-json\/wp\/v2\/posts\/12731","targetHints":{"allow":["GET"]}}],"collection":[{"href":"https:\/\/noticel.com\/en\/wp-json\/wp\/v2\/posts"}],"about":[{"href":"https:\/\/noticel.com\/en\/wp-json\/wp\/v2\/types\/post"}],"replies":[{"embeddable":true,"href":"https:\/\/noticel.com\/en\/wp-json\/wp\/v2\/comments?post=12731"}],"version-history":[{"count":1,"href":"https:\/\/noticel.com\/en\/wp-json\/wp\/v2\/posts\/12731\/revisions"}],"predecessor-version":[{"id":573496,"href":"https:\/\/noticel.com\/en\/wp-json\/wp\/v2\/posts\/12731\/revisions\/573496"}],"wp:featuredmedia":[{"embeddable":true,"href":"https:\/\/noticel.com\/en\/wp-json\/wp\/v2\/media\/573478"}],"wp:attachment":[{"href":"https:\/\/noticel.com\/en\/wp-json\/wp\/v2\/media?parent=12731"}],"wp:term":[{"taxonomy":"category","embeddable":true,"href":"https:\/\/noticel.com\/en\/wp-json\/wp\/v2\/categories?post=12731"},{"taxonomy":"post_tag","embeddable":true,"href":"https:\/\/noticel.com\/en\/wp-json\/wp\/v2\/tags?post=12731"}],"curies":[{"name":"wp","href":"https:\/\/api.w.org\/{rel}","templated":true}]}}