{"id":126804,"date":"2020-03-23T08:38:00","date_gmt":"2020-03-23T12:38:00","guid":{"rendered":"https:\/\/www.noticel.com\/ahora\/20200323\/identifican-a-pastor-como-responsable-de-audio-falso-por-whatsapp\/"},"modified":"2025-07-20T10:09:05","modified_gmt":"2025-07-20T10:09:05","slug":"senalan-a-pastor-como-responsable-de-audio-falso-por-whatsapp","status":"publish","type":"post","link":"https:\/\/noticel.com\/en\/ultima-hora\/20200323\/senalan-a-pastor-como-responsable-de-audio-falso-por-whatsapp\/","title":{"rendered":"Se\u00f1alan a pastor como responsable de audio falso por Whatsapp"},"content":{"rendered":"<p>Un pastor de Dorado ha sido se\u00f1alado como el responsable de un audio alarmista y falso que se ha difundido a trav\u00e9s de las redes sociales, particularmente por Whatsapp, causando caos entre los puertorrique\u00f1os, quienes r\u00e1pidamente abarrotaron los supermercados durante el fin de semana tras escuchar la advertencia que se lanzaba en el mismo.<\/p>\n<p>El secretario de Asuntos P\u00fablicos, Osvaldo Soto, dijo que se trata de un l\u00edder religioso, identificado como Angel Molina.<\/p>\n<p>Molina ha negado las acusaciones, a lo que Soto contest\u00f3 que \u201csi el se\u00f1or Molina hace ese tipo de se\u00f1alamiento ahora (que no fue quien mand\u00f3 el mensaje falso en Whatsapp) , que vaya a sus redes sociales y pida perd\u00f3n\u201d, seg\u00fan dijo al periodista Julio Rivera Saniel en Radio Isla esta ma\u00f1ana.<\/p>\n<p>El secretario del Departamento de Seguridad P\u00fablica (DSP), Pedro Janer Rom\u00e1n, confirm\u00f3 el lunes que consultan el caso con el Negociado Federal de Investigaciones (FBI en ingl\u00e9s).<\/p>\n<p>\u201cEso es algo que no se puede permitir. A nivel federal, esa persona utiliz\u00f3 las comunicaciones, las redes sociales y eso es una violaci\u00f3n a las reglas de la FCC porque no se pueden utilizar las ondas radiales para difundir terror y eso fue exactamente lo que caus\u00f3 este se\u00f1or. Le estamos pidiendo intervenci\u00f3n al FBI para que nos colabore con esta investigaci\u00f3n, definitivamente al Departamento de Justicia de Puerto Rico y cualquier otra agencia que inherencia y que nos pueda asistir\u201d, dijo Janer en entrevista radial (NotiUno).<\/p>\n<p>A nivel estatal, el funcionario detall\u00f3 que el  art\u00edculo 6.14 de la Ley 20 provee para imponer multas de hasta 5 mil d\u00f3lares o c\u00e1rcel de hasta seis meses a cualquier persona que de falsas alarmas en medio de una emergencia.<\/p>\n<p>Janer no quiso ponerle fecha a la pesquisa, pero afirm\u00f3 est\u00e1n tratando de identificar al sujeto que divulg\u00f3 el sonido, as\u00ed como a otras personas que puedan hacer lo mismo.<\/p>\n<p>El incidente provoc\u00f3 que la gobernadora, Wanda V\u00e1zquez Garced expresara en la tarde del s\u00e1bado que no era necesario estar en los supermercados y asegur\u00f3 no hay cambios en la orden ejecutiva, por lo que los ciudadanos deb\u00edan permanecer en sus casas.<\/p><div class=\"notic-content-middle\" id=\"notic-3490811475\"><div class=\"notic-adlabel\">Advertisements<\/div><a data-no-instant=\"1\" href=\"https:\/\/qrco.de\/bgxd5v\" rel=\"noopener\" class=\"a2t-link\" target=\"_blank\" aria-label=\"DisplayAds-970&#215;2502\"><img loading=\"lazy\" decoding=\"async\" src=\"https:\/\/cdn.noticel.com\/2026\/08\/11180426\/DisplayAds-970x2502-1.jpg\" alt=\"\"  srcset=\"https:\/\/cdn.noticel.com\/2026\/08\/11180426\/DisplayAds-970x2502-1.jpg 970w, https:\/\/cdn.noticel.com\/2026\/08\/11180426\/DisplayAds-970x2502-1-300x77.jpg 300w, https:\/\/cdn.noticel.com\/2026\/08\/11180426\/DisplayAds-970x2502-1-768x198.jpg 768w, https:\/\/cdn.noticel.com\/2026\/08\/11180426\/DisplayAds-970x2502-1-18x5.jpg 18w\" sizes=\"(max-width: 970px) 100vw, 970px\" width=\"970\" height=\"250\"   \/><\/a><\/div>\n<p>A continuaci\u00f3n el mensaje falso:<\/p>\n<p>\u201cAmados Les escribo para dejarles saber que nuestra Ap\u00f3stol Marlyn Arroyo nos comunic\u00f3 una informaci\u00f3n que llega a ella a trav\u00e9s del Ap\u00f3stol \u00c1ngel Molina quien es parte de la seguridad de fortaleza.<\/p>\n<p>En estos pr\u00f3ximos d\u00edas el gobierno anunciar\u00e1 una extensi\u00f3n de 2-3 semanas adicionales. Esta extensi\u00f3n ya es casi un hecho seguro. La guardia nacional y polic\u00eda en su totalidad ser\u00e1n activadas y se cerrar\u00e1 el pa\u00eds por completo. Ser\u00e1 un cierre completo. Nadie en la calle. Esta decisi\u00f3n es pr\u00e1cticamente segura\u201d.<\/p>\n<p>El secretario del Departamento de Seguridad P\u00fablica, Pedro Janer Rom\u00e1n, reaccion\u00f3 ayer, domingo, al mensaje falso difundido por una aplicaci\u00f3n de mensajer\u00eda que provoc\u00f3 un caos en los supermercados.<\/p>\n<p>\u00abEn el d\u00eda de ayer un ciudadano utiliz\u00f3 la aplicaci\u00f3n de WhatsApp para difundir un mensaje falso, alarmista y que propici\u00f3 una especie de caos temporero en nuestras calles en medio de la emergencia que vive la isla por el impacto del COVID-19. El Departamento de Seguridad eval\u00faa la posibilidad de comisi\u00f3n de delitos en este caso y estar\u00e1 atento en caso de que surjan otros. La libertad de expresi\u00f3n es una libertad preciada y garantizada por nuestra Constituci\u00f3n. No obstante, en una situaci\u00f3n de emergencia, merece la pena la evaluaci\u00f3n de si se ha cometido delito. Exhortamos a la ciudadan\u00eda, hoy m\u00e1s que nunca, a informarse a trav\u00e9s de los canales oficiales y a no difundir mensajes que atenten contra la paz colectiva en un momento como este\u00bb, dijo Janer Rom\u00e1n en declaraciones escritas.<\/p>\n<p>El incidente provoc\u00f3 que la gobernadora Wanda V\u00e1zquez Garced se expresara en la tarde del s\u00e1bado.<\/p>\n<p>\u201cHemos visto durante el d\u00eda de hoy como miles de puertorrique\u00f1os han abarrotado los supermercados de nuestro pa\u00eds. Es innecesario. No hay ninguna necesidad de que ustedes est\u00e9n en los supermercados de esa manera. No hay ning\u00fan cambio a la Orden Ejecutiva. Ustedes deben permanecer en sus viviendas. No hay ninguna necesidad de que ustedes tengan esa urgencia de visitar los supermercados\u201d, dijo la gobernadora en un mensaje transmitido por la red social de Facebook.<\/p>\n<p>\u201cHa sido altamente irresponsable aquella persona que haya transmitido mensajes a trav\u00e9s de las redes sociales de que va a haber un cambio en la Orden Ejecutiva. Si va a haber alg\u00fan cambio en la Orden Ejecutiva, personalmente yo se los voy a dejar saber\u201d, a\u00f1adi\u00f3.<\/p>","protected":false},"excerpt":{"rendered":"<p>Un pastor de Dorado ha sido se\u00f1alado como el responsable de un audio alarmista y falso que se ha difundido a trav\u00e9s de las redes sociales, particularmente por Whatsapp, causando caos entre los puertorrique\u00f1os, quienes r\u00e1pidamente abarrotaron los supermercados durante el fin de semana tras escuchar la advertencia que se lanzaba en el mismo. El [&hellip;]<\/p>","protected":false},"author":17,"featured_media":536166,"comment_status":"closed","ping_status":"closed","sticky":false,"template":"","format":"standard","meta":{"_acf_changed":false,"_monsterinsights_skip_tracking":false,"ep_exclude_from_search":false,"footnotes":""},"categories":[2],"tags":[],"class_list":["post-126804","post","type-post","status-publish","format-standard","has-post-thumbnail","hentry","category-ultima-hora"],"acf":[],"aioseo_notices":[],"_links":{"self":[{"href":"https:\/\/noticel.com\/en\/wp-json\/wp\/v2\/posts\/126804","targetHints":{"allow":["GET"]}}],"collection":[{"href":"https:\/\/noticel.com\/en\/wp-json\/wp\/v2\/posts"}],"about":[{"href":"https:\/\/noticel.com\/en\/wp-json\/wp\/v2\/types\/post"}],"author":[{"embeddable":true,"href":"https:\/\/noticel.com\/en\/wp-json\/wp\/v2\/users\/17"}],"replies":[{"embeddable":true,"href":"https:\/\/noticel.com\/en\/wp-json\/wp\/v2\/comments?post=126804"}],"version-history":[{"count":1,"href":"https:\/\/noticel.com\/en\/wp-json\/wp\/v2\/posts\/126804\/revisions"}],"predecessor-version":[{"id":536167,"href":"https:\/\/noticel.com\/en\/wp-json\/wp\/v2\/posts\/126804\/revisions\/536167"}],"wp:featuredmedia":[{"embeddable":true,"href":"https:\/\/noticel.com\/en\/wp-json\/wp\/v2\/media\/536166"}],"wp:attachment":[{"href":"https:\/\/noticel.com\/en\/wp-json\/wp\/v2\/media?parent=126804"}],"wp:term":[{"taxonomy":"category","embeddable":true,"href":"https:\/\/noticel.com\/en\/wp-json\/wp\/v2\/categories?post=126804"},{"taxonomy":"post_tag","embeddable":true,"href":"https:\/\/noticel.com\/en\/wp-json\/wp\/v2\/tags?post=126804"}],"curies":[{"name":"wp","href":"https:\/\/api.w.org\/{rel}","templated":true}]}}