{"id":126465,"date":"2012-09-24T06:27:17","date_gmt":"2012-09-24T10:27:17","guid":{"rendered":"http:\/\/www.noticel.com\/la-calle\/20120924\/mar-picado-y-tiempo-ventoso\/"},"modified":"2025-08-25T10:13:37","modified_gmt":"2025-08-25T10:13:37","slug":"mar-picado-y-tiempo-ventoso","status":"publish","type":"post","link":"https:\/\/noticel.com\/en\/noticias\/la-calle\/20120924\/mar-picado-y-tiempo-ventoso\/","title":{"rendered":"Mar picado y tiempo ventoso"},"content":{"rendered":"<p>Una baja presi\u00f3n en los niveles altos cerca de Puerto Rico se mover\u00e1 hacia la Rep\u00fablica dominicana el martes, seg\u00fan el pron\u00f3stico del Servicio Nacional de Meteorolog\u00eda (SNM).<\/p>\n<p>Durante ese periodo, la humedad e inestabilidad se mover\u00e1 hacia el norte del \u00e1rea local aumentando la probabilidad de aguaceros durante las tardes del martes hasta finales de los d\u00edas laborables.<\/p>\n<p>A trav\u00e9s de las aguas locales, pulsos de marejadas del noreste asociados al post cicl\u00f3n tropical Nadine afectar\u00e1n las aguas costeras del Atl\u00e1ntico y pasajes del Caribe hasta finales de la semana laboral. Se esperan vientos de hasta 18 nudos y oleaje hasta cinco pies.<\/p>\n<p>Aguaceros aislados afectaron las aguas del Atl\u00e1ntico y el Caribe durante la noche. Estuvo despejado sobre tierra y las temperaturas estuvieron en los bajos 80 grados en las \u00e1reas costeras.<\/p>","protected":false},"excerpt":{"rendered":"<p>Una baja presi\u00f3n en los niveles altos cerca de Puerto Rico se mover\u00e1 hacia la Rep\u00fablica dominicana el martes, seg\u00fan el pron\u00f3stico del Servicio Nacional de Meteorolog\u00eda (SNM). Durante ese periodo, la humedad e inestabilidad se mover\u00e1 hacia el norte del \u00e1rea local aumentando la probabilidad de aguaceros durante las tardes del martes hasta finales [&hellip;]<\/p>","protected":false},"author":0,"featured_media":910260,"comment_status":"closed","ping_status":"closed","sticky":false,"template":"","format":"standard","meta":{"_acf_changed":false,"_monsterinsights_skip_tracking":false,"ep_exclude_from_search":false,"footnotes":""},"categories":[12],"tags":[],"class_list":["post-126465","post","type-post","status-publish","format-standard","has-post-thumbnail","hentry","category-la-calle"],"acf":[],"aioseo_notices":[],"_links":{"self":[{"href":"https:\/\/noticel.com\/en\/wp-json\/wp\/v2\/posts\/126465","targetHints":{"allow":["GET"]}}],"collection":[{"href":"https:\/\/noticel.com\/en\/wp-json\/wp\/v2\/posts"}],"about":[{"href":"https:\/\/noticel.com\/en\/wp-json\/wp\/v2\/types\/post"}],"replies":[{"embeddable":true,"href":"https:\/\/noticel.com\/en\/wp-json\/wp\/v2\/comments?post=126465"}],"version-history":[{"count":1,"href":"https:\/\/noticel.com\/en\/wp-json\/wp\/v2\/posts\/126465\/revisions"}],"predecessor-version":[{"id":910277,"href":"https:\/\/noticel.com\/en\/wp-json\/wp\/v2\/posts\/126465\/revisions\/910277"}],"wp:featuredmedia":[{"embeddable":true,"href":"https:\/\/noticel.com\/en\/wp-json\/wp\/v2\/media\/910260"}],"wp:attachment":[{"href":"https:\/\/noticel.com\/en\/wp-json\/wp\/v2\/media?parent=126465"}],"wp:term":[{"taxonomy":"category","embeddable":true,"href":"https:\/\/noticel.com\/en\/wp-json\/wp\/v2\/categories?post=126465"},{"taxonomy":"post_tag","embeddable":true,"href":"https:\/\/noticel.com\/en\/wp-json\/wp\/v2\/tags?post=126465"}],"curies":[{"name":"wp","href":"https:\/\/api.w.org\/{rel}","templated":true}]}}