{"id":12622,"date":"2014-04-22T00:00:00","date_gmt":"2014-04-22T04:00:00","guid":{"rendered":"http:\/\/www.noticel.com\/deportes\/20140422\/baseball-academy-demanda-a-la-asociacion-de-escuchas-grandes-ligas\/"},"modified":"2025-08-19T05:59:20","modified_gmt":"2025-08-19T05:59:20","slug":"baseball-academy-demanda-a-la-asociacion-de-escuchas-grandes-ligas","status":"publish","type":"post","link":"https:\/\/noticel.com\/en\/deportes\/20140422\/baseball-academy-demanda-a-la-asociacion-de-escuchas-grandes-ligas\/","title":{"rendered":"Baseball Academy demanda a la Asociaci\u00f3n de Escuchas Grandes Ligas"},"content":{"rendered":"<p>Un grupo de estudiantes peloteros de la International Baseball Academy and High School (IBAHS) junto a dicha instituci\u00f3n, presentaron una demanda en el tribunal de Primera Instancia de San Juan contra la Asociaci\u00f3n de Escuchas de Grandes Ligas Inc., tambien conocida como Asociation of Puerto Rico Major League Scouts.<\/p>\n<p>El recurso legal fue radicado luego de que el equipo de b\u00e9isbol de la IBAHS quedara excluido de la celebraci\u00f3n del Torneo de Excelencia V\u00edctor Pellot, evento que sirve de escenario a los peloteros prospectos para lograr ser reclutados por una organizaci\u00f3n de grandes ligas, o ser elegidos para una beca universitaria por un escucha colegial.<\/p>\n<p>En el escrito aparecen como codemandados Jos\u00e9 Sol\u00e1 del Valle, presidente de la Asociaci\u00f3n, y Jorge Posada Fern\u00e1ndez, agente residente de la organizaci\u00f3n y director del Torneo de Excelencia V\u00edctor Pellot. Posada es el padre del exjugador de los Yankees, Jorge Posada.<\/p>\n<p>Seg\u00fan el documento, el 16 de diciembre de 2013 Juan Luis Castro, director de la academia, solicit\u00f3 la inclusi\u00f3n del equipo de la IBAHS en el Torneo, seguido de una votaci\u00f3n cuyo resultado mayoritario fue aceptar a dicha instituci\u00f3n como participante, seg\u00fan certific\u00f3 el entonces director del Torneo, Javier Centeno.<\/p>\n<p>Centeno aval\u00f3 la participaci\u00f3n que la IBAHS estaba teniendo en la &#8216;National League Alliance&#8217; y reconoci\u00f3 que dicha participaci\u00f3n cumpl\u00eda con el requisito requerido en cuanto a la participaci\u00f3n en una Liga afiliada, pero luego renunci\u00f3 al puesto de Director de Torneo tras tener discrepancias con Posada relacionadas al manejo de las finanzas de la Asociaci\u00f3n.<\/p>\n<p>Posada Fern\u00e1ndez sustituye a Centeno como director del torneo, lo que la parte demandante califica como ileg\u00edtimo y nulo, planteando que la matr\u00edcula de la Asociaci\u00f3n no vot\u00f3 para seleccionar a ning\u00fan candidato.<\/p><div class=\"notic-content-middle\" id=\"notic-1857352226\"><div class=\"notic-adlabel\">Advertisements<\/div><a data-no-instant=\"1\" href=\"https:\/\/qrco.de\/bgxd5v\" rel=\"noopener\" class=\"a2t-link\" target=\"_blank\" aria-label=\"DisplayAd-728&#215;902\"><img loading=\"lazy\" decoding=\"async\" src=\"https:\/\/cdn.noticel.com\/2026\/09\/02195411\/DisplayAd-728x902-1.jpg\" alt=\"\"  srcset=\"https:\/\/cdn.noticel.com\/2026\/09\/02195411\/DisplayAd-728x902-1.jpg 728w, https:\/\/cdn.noticel.com\/2026\/09\/02195411\/DisplayAd-728x902-1-300x37.jpg 300w, https:\/\/cdn.noticel.com\/2026\/09\/02195411\/DisplayAd-728x902-1-18x2.jpg 18w\" sizes=\"(max-width: 728px) 100vw, 728px\" width=\"728\" height=\"90\"   \/><\/a><\/div>\n<p>El 15 de febrero de 2014, Posada Fern\u00e1ndez manifest\u00f3 que la &#8216;National League Alliance&#8217; no exist\u00eda y que no avalaba la decisi\u00f3n tomada por Centeno, seguido por Sol\u00e1 del Valle, quien recalc\u00f3 en una reuni\u00f3n de la asociaci\u00f3n el 4 de marzo que dicha liga no estaba inclu\u00edda en la lista de ligas afiliadas al Torneo.<\/p>\n<p>El 5 de marzo, el dirigente del equipo, Josu\u00e9 Estrada, se comunic\u00f3 con Sol\u00e1 del Valle para ultimar detalles relacionados al Torneo de Excelencia, y este le refiri\u00f3 el asunto a la atenci\u00f3n de Posada Fern\u00e1ndez, a quien se le inform\u00f3 que el equipo de la Academia hab\u00eda sido incluido en el programa de la &#8216;Big League&#8217;.<\/p>\n<p>En la reuni\u00f3n ordinaria de la asociaci\u00f3n celebrada el 18 de marzo, Posada se reiter\u00f3 en la desici\u00f3n de no permitir que el equipo de la IBAHS participara del evento.<\/p>\n<p>La medida de inscribir el equipo de la academia en la &#8216;Big League&#8217; provoc\u00f3 la desintegraci\u00f3n del equipo que ya hab\u00eda sido inscrito y aceptado para participar.<\/p>\n<p>La acci\u00f3n legal busca que el tribunal declare ileg\u00edtima la exclusi\u00f3n de la IBAHS en el torneo y que ordene a la parte demandada a abstenerse de impedir la participaci\u00f3n de la academia en el evento.<\/p>","protected":false},"excerpt":{"rendered":"<p>Un grupo de estudiantes peloteros de la International Baseball Academy and High School (IBAHS) junto a dicha instituci\u00f3n, presentaron una demanda en el tribunal de Primera Instancia de San Juan contra la Asociaci\u00f3n de Escuchas de Grandes Ligas Inc., tambien conocida como Asociation of Puerto Rico Major League Scouts. El recurso legal fue radicado luego [&hellip;]<\/p>","protected":false},"author":0,"featured_media":871085,"comment_status":"closed","ping_status":"closed","sticky":false,"template":"","format":"standard","meta":{"_acf_changed":false,"_monsterinsights_skip_tracking":false,"ep_exclude_from_search":false,"footnotes":""},"categories":[31],"tags":[],"class_list":["post-12622","post","type-post","status-publish","format-standard","has-post-thumbnail","hentry","category-deportes"],"acf":[],"aioseo_notices":[],"_links":{"self":[{"href":"https:\/\/noticel.com\/en\/wp-json\/wp\/v2\/posts\/12622","targetHints":{"allow":["GET"]}}],"collection":[{"href":"https:\/\/noticel.com\/en\/wp-json\/wp\/v2\/posts"}],"about":[{"href":"https:\/\/noticel.com\/en\/wp-json\/wp\/v2\/types\/post"}],"replies":[{"embeddable":true,"href":"https:\/\/noticel.com\/en\/wp-json\/wp\/v2\/comments?post=12622"}],"version-history":[{"count":1,"href":"https:\/\/noticel.com\/en\/wp-json\/wp\/v2\/posts\/12622\/revisions"}],"predecessor-version":[{"id":871113,"href":"https:\/\/noticel.com\/en\/wp-json\/wp\/v2\/posts\/12622\/revisions\/871113"}],"wp:featuredmedia":[{"embeddable":true,"href":"https:\/\/noticel.com\/en\/wp-json\/wp\/v2\/media\/871085"}],"wp:attachment":[{"href":"https:\/\/noticel.com\/en\/wp-json\/wp\/v2\/media?parent=12622"}],"wp:term":[{"taxonomy":"category","embeddable":true,"href":"https:\/\/noticel.com\/en\/wp-json\/wp\/v2\/categories?post=12622"},{"taxonomy":"post_tag","embeddable":true,"href":"https:\/\/noticel.com\/en\/wp-json\/wp\/v2\/tags?post=12622"}],"curies":[{"name":"wp","href":"https:\/\/api.w.org\/{rel}","templated":true}]}}