{"id":126041,"date":"2013-07-18T21:38:00","date_gmt":"2013-07-19T01:38:00","guid":{"rendered":"http:\/\/www.noticel.com\/ahora\/20130718\/alcaldesa-firma-orden-de-emergencia-para-san-juan-2\/"},"modified":"2025-08-23T06:17:40","modified_gmt":"2025-08-23T06:17:40","slug":"alcaldesa-firma-orden-de-emergencia-para-san-juan-2","status":"publish","type":"post","link":"https:\/\/noticel.com\/en\/ultima-hora\/20130718\/alcaldesa-firma-orden-de-emergencia-para-san-juan-2\/","title":{"rendered":"Alcaldesa firma Orden de Emergencia para San Juan"},"content":{"rendered":"<p>La alcaldesa de San Juan, Carmen Yul\u00edn Cruz, firm\u00f3 hace unos momentos una Orden de Emergencia para el municipio de San Juan debido a las malas condiciones atmosfericas que ya han dejado refugiados en el Coliseo Pedr\u00edn Zorrilla y en School of San Juan, siendo esta la primera vez que se abre el plantel para estos efectos.<\/p>\n<p>Grupos de trabajo que se encuentran con la alcaldesa informan, adem\u00e1s, que el Centro de Diagn\u00f3stico y Tratamiento (CDT) de San Jose est\u00e1 cerrado por inundaciones y fango.<\/p>\n<p>De surgir una emergencia, se recomienda a los pacientes que acudan al CDT de R\u00edo Piedras, al Dispensario Hoare o al Hospital Municipal de San Juan.<\/p>\n<p>Cruz, que est\u00e1 recorriendo el municipio junto a la Agencia Estatal para el Manejo de Emergencias (AEMEAD) y el Departamento de Vivienda, le dijo a NotiCel que hasta el momento hay un total de 51 refugiados en el coliseo, provenientes de Villa Palmeras y de Barrio Obrero en su mayor\u00eda.<\/p>\n<p>En School of San Juan hay \u2013hasta el momento- 11 adultos y 5 ni\u00f1os de \u00e1reas cercanas al Ca\u00f1o Mart\u00edn Pe\u00f1a, pero no se descarta que el total ascienda mientras transcurra la noche, pues las labores no tienen hora para finalizar y siguen apareciendo damnificados.<\/p><div class=\"notic-content-middle\" id=\"notic-1190489\"><div class=\"notic-adlabel\">Advertisements<\/div><a data-no-instant=\"1\" href=\"https:\/\/www.asegurate-bien.com\/\" rel=\"noopener\" class=\"a2t-link\" target=\"_blank\" aria-label=\"Acodese-Adaptaciones-Noticel-970&#215;90\"><img loading=\"lazy\" decoding=\"async\" src=\"https:\/\/cdn.noticel.com\/2026\/07\/30100146\/Acodese-Adaptaciones-Noticel-970x90-1.jpg\" alt=\"\"  srcset=\"https:\/\/cdn.noticel.com\/2026\/07\/30100146\/Acodese-Adaptaciones-Noticel-970x90-1.jpg 970w, https:\/\/cdn.noticel.com\/2026\/07\/30100146\/Acodese-Adaptaciones-Noticel-970x90-1-300x28.jpg 300w, https:\/\/cdn.noticel.com\/2026\/07\/30100146\/Acodese-Adaptaciones-Noticel-970x90-1-768x71.jpg 768w, https:\/\/cdn.noticel.com\/2026\/07\/30100146\/Acodese-Adaptaciones-Noticel-970x90-1-18x2.jpg 18w\" sizes=\"(max-width: 970px) 100vw, 970px\" width=\"970\" height=\"90\"   \/><\/a><\/div>\n<p>La alcaldesa aprovech\u00f3 para exhortar a la ciudadan\u00eda a buscar ayuda y que no se queden en sus hogares si corren peligro.<\/p>\n<p>&#8216;El Centro de Operaciones de Emergencias estar\u00e1 abierto toda la noche y quienes necesiten ayuda que se comuniquen al 911&#8217;, expres\u00f3 la alcaldesa a este medio.<\/p>\n<p>Durante la noche tambi\u00e9n esperan visitar varios sectores de Ocean Park, donde las inundaciones fueron la orden del d\u00eda debido a que las plantas disminuyeron la capacidad de bombear agua por problemas debido a ca\u00eddas del tendido el\u00e9ctrico en esa \u00e1rea.<\/p>\n<p><em>Pendientes a NotiCel para m\u00e1s detalles.         <\/em><\/p>\n<p><img decoding=\"async\" embed-content-articleid=\"607919643\" embed-content-groupid=\"593030471\" embed-content-id=\"607919644\" embed-content-index=\"0\" embed-content-type=\"GALLERY\" src=\"https:\/\/media.noticel.com\/o2com-noti-media-us-east-1\/photo\/2013\/07\/18\/yulin4_8075524_ver1.0_320_240.JPG\"\/>\u00a0\u00a0\u00a0\u00a0<\/p>","protected":false},"excerpt":{"rendered":"<p>La alcaldesa de San Juan, Carmen Yul\u00edn Cruz, firm\u00f3 hace unos momentos una Orden de Emergencia para el municipio de San Juan debido a las malas condiciones atmosfericas que ya han dejado refugiados en el Coliseo Pedr\u00edn Zorrilla y en School of San Juan, siendo esta la primera vez que se abre el plantel para [&hellip;]<\/p>","protected":false},"author":0,"featured_media":894589,"comment_status":"closed","ping_status":"closed","sticky":false,"template":"","format":"standard","meta":{"_acf_changed":false,"_monsterinsights_skip_tracking":false,"ep_exclude_from_search":false,"footnotes":""},"categories":[2],"tags":[],"class_list":["post-126041","post","type-post","status-publish","format-standard","has-post-thumbnail","hentry","category-ultima-hora"],"acf":[],"aioseo_notices":[],"_links":{"self":[{"href":"https:\/\/noticel.com\/en\/wp-json\/wp\/v2\/posts\/126041","targetHints":{"allow":["GET"]}}],"collection":[{"href":"https:\/\/noticel.com\/en\/wp-json\/wp\/v2\/posts"}],"about":[{"href":"https:\/\/noticel.com\/en\/wp-json\/wp\/v2\/types\/post"}],"replies":[{"embeddable":true,"href":"https:\/\/noticel.com\/en\/wp-json\/wp\/v2\/comments?post=126041"}],"version-history":[{"count":1,"href":"https:\/\/noticel.com\/en\/wp-json\/wp\/v2\/posts\/126041\/revisions"}],"predecessor-version":[{"id":895091,"href":"https:\/\/noticel.com\/en\/wp-json\/wp\/v2\/posts\/126041\/revisions\/895091"}],"wp:featuredmedia":[{"embeddable":true,"href":"https:\/\/noticel.com\/en\/wp-json\/wp\/v2\/media\/894589"}],"wp:attachment":[{"href":"https:\/\/noticel.com\/en\/wp-json\/wp\/v2\/media?parent=126041"}],"wp:term":[{"taxonomy":"category","embeddable":true,"href":"https:\/\/noticel.com\/en\/wp-json\/wp\/v2\/categories?post=126041"},{"taxonomy":"post_tag","embeddable":true,"href":"https:\/\/noticel.com\/en\/wp-json\/wp\/v2\/tags?post=126041"}],"curies":[{"name":"wp","href":"https:\/\/api.w.org\/{rel}","templated":true}]}}