{"id":125977,"date":"2012-03-08T10:02:00","date_gmt":"2012-03-08T14:02:00","guid":{"rendered":"http:\/\/www.noticel.com\/vida\/20120308\/cher-se-despide-otra-vez\/"},"modified":"2025-08-29T01:35:09","modified_gmt":"2025-08-29T01:35:09","slug":"cher-se-despide-otra-vez","status":"publish","type":"post","link":"https:\/\/noticel.com\/en\/vida-y-bienestar\/20120308\/cher-se-despide-otra-vez\/","title":{"rendered":"Cher se despide otra vez"},"content":{"rendered":"<p>Cher no s\u00f3lo publicar\u00e1 un nuevo disco en los pr\u00f3ximos meses, sino que tras su lanzamiento iniciar\u00e1 la que podr\u00eda ser la \u00faltima gira de su carrera, seg\u00fan acaba de anunciar la propia cantante en su cuenta de Twitter.<\/p>\n<p>&#8216;\u00c9sta ser\u00e1 la \u00faltima! Quiero hacerlo bien una vez m\u00e1s!&#8217;, dice la diva estadounidense, de 65 a\u00f1os, subrayando la palabra &#8216;bien&#8217;, en respuesta a un seguidor que le pregunt\u00f3 a trav\u00e9s de esta red social si su aut\u00e9ntico tour de despedida no llegar\u00eda hasta que estuviese en su &#8216;lecho de muerte&#8217;.<\/p>\n<p>&#8216;Salir de gira es duro&#8217;, insiste la int\u00e9rprete de &#8216;Believe&#8217; y &#8216;Shoop Shoop Song&#8217;, que el pasado mes de agosto fue noticia por &#8216;The Greatest Thing&#8217;, el dueto que ha grabado con Lady Gaga y que incluir\u00e1 en su pr\u00f3ximo \u00e1lbum, el vig\u00e9simo sexto disco de estudio de su carrera y el primero en m\u00e1s de una d\u00e9cada.<\/p><div class=\"notic-content-middle\" id=\"notic-1333542200\"><div class=\"notic-adlabel\">Advertisements<\/div><a data-no-instant=\"1\" href=\"https:\/\/qrco.de\/bgxd5v\" rel=\"noopener\" class=\"a2t-link\" target=\"_blank\" aria-label=\"300X600-SEBUSCA2\"><img loading=\"lazy\" decoding=\"async\" src=\"https:\/\/cdn.noticel.com\/2026\/08\/11172836\/300X600-SEBUSCA2.jpg\" alt=\"\"  srcset=\"https:\/\/cdn.noticel.com\/2026\/08\/11172836\/300X600-SEBUSCA2.jpg 300w, https:\/\/cdn.noticel.com\/2026\/08\/11172836\/300X600-SEBUSCA2-150x300.jpg 150w, https:\/\/cdn.noticel.com\/2026\/08\/11172836\/300X600-SEBUSCA2-6x12.jpg 6w\" sizes=\"(max-width: 300px) 100vw, 300px\" width=\"300\" height=\"600\"   \/><\/a><\/div>\n<p>No es la primera vez que Cherlyn Sarkisian, nombre real de la cantante, adelanta su despedida. En 2004 gir\u00f3 por el mundo entero con el espect\u00e1culo &#8216;Living Proof: The Farewell Tour&#8217; y anunci\u00f3 a bombo y platillo que Australia ser\u00eda el \u00faltimo pa\u00eds que la ver\u00eda subida a un escenario, tras 40 a\u00f1os de carrera art\u00edstica.<\/p>\n<p>Despu\u00e9s de aquello, Cher s\u00f3lo ha participado en un gran proyecto art\u00edstico, la pel\u00edcula &#8216;Burlesque&#8217; (2010), que protagoniz\u00f3 junto a la tambi\u00e9n cantante y actriz Christina Aguilera y en la que puso voz, quiz\u00e1s premonitoriamente, al tema &#8216;You Haven&#8217;t Seen The Last Of Me&#8217; (&#8216;A\u00fan no hab\u00e9is visto lo que me queda por dar&#8217;), Globo de Oro a la mejor canci\u00f3n.<\/p>","protected":false},"excerpt":{"rendered":"<p>Cher no s\u00f3lo publicar\u00e1 un nuevo disco en los pr\u00f3ximos meses, sino que tras su lanzamiento iniciar\u00e1 la que podr\u00eda ser la \u00faltima gira de su carrera, seg\u00fan acaba de anunciar la propia cantante en su cuenta de Twitter. &#8216;\u00c9sta ser\u00e1 la \u00faltima! Quiero hacerlo bien una vez m\u00e1s!&#8217;, dice la diva estadounidense, de 65 [&hellip;]<\/p>","protected":false},"author":0,"featured_media":930171,"comment_status":"closed","ping_status":"closed","sticky":false,"template":"","format":"standard","meta":{"_acf_changed":false,"_monsterinsights_skip_tracking":false,"ep_exclude_from_search":false,"footnotes":""},"categories":[69],"tags":[],"class_list":["post-125977","post","type-post","status-publish","format-standard","has-post-thumbnail","hentry","category-vida-y-bienestar"],"acf":[],"aioseo_notices":[],"_links":{"self":[{"href":"https:\/\/noticel.com\/en\/wp-json\/wp\/v2\/posts\/125977","targetHints":{"allow":["GET"]}}],"collection":[{"href":"https:\/\/noticel.com\/en\/wp-json\/wp\/v2\/posts"}],"about":[{"href":"https:\/\/noticel.com\/en\/wp-json\/wp\/v2\/types\/post"}],"replies":[{"embeddable":true,"href":"https:\/\/noticel.com\/en\/wp-json\/wp\/v2\/comments?post=125977"}],"version-history":[{"count":1,"href":"https:\/\/noticel.com\/en\/wp-json\/wp\/v2\/posts\/125977\/revisions"}],"predecessor-version":[{"id":930194,"href":"https:\/\/noticel.com\/en\/wp-json\/wp\/v2\/posts\/125977\/revisions\/930194"}],"wp:featuredmedia":[{"embeddable":true,"href":"https:\/\/noticel.com\/en\/wp-json\/wp\/v2\/media\/930171"}],"wp:attachment":[{"href":"https:\/\/noticel.com\/en\/wp-json\/wp\/v2\/media?parent=125977"}],"wp:term":[{"taxonomy":"category","embeddable":true,"href":"https:\/\/noticel.com\/en\/wp-json\/wp\/v2\/categories?post=125977"},{"taxonomy":"post_tag","embeddable":true,"href":"https:\/\/noticel.com\/en\/wp-json\/wp\/v2\/tags?post=125977"}],"curies":[{"name":"wp","href":"https:\/\/api.w.org\/{rel}","templated":true}]}}