{"id":125676,"date":"2020-03-19T21:55:00","date_gmt":"2020-03-20T01:55:00","guid":{"rendered":"https:\/\/www.noticel.com\/en-serio\/ahora\/english\/galeria\/legislatura\/20200319\/enmascarados-en-sesion-de-la-camara-matizada-por-el-coronavirus\/"},"modified":"2025-07-20T10:21:58","modified_gmt":"2025-07-20T10:21:58","slug":"enmascarados-en-sesion-de-la-camara-matizada-por-el-coronavirus","status":"publish","type":"post","link":"https:\/\/noticel.com\/en\/ultima-hora\/20200319\/enmascarados-en-sesion-de-la-camara-matizada-por-el-coronavirus\/","title":{"rendered":"Enmascarados en sesi\u00f3n de la C\u00e1mara matizada por el coronavirus"},"content":{"rendered":"<p>Im\u00e1genes de la sesi\u00f3n de la C\u00e1mara del jueves en la que representantes utilizaron guantes y mascarillas ante el temor de contagio por el Coronavirus COVID-19.<\/p><div class=\"notic-content-middle\" id=\"notic-3212399464\"><div class=\"notic-adlabel\">Advertisements<\/div><a data-no-instant=\"1\" href=\"https:\/\/qrco.de\/bgxd5v\" rel=\"noopener\" class=\"a2t-link\" target=\"_blank\" aria-label=\"DisplayAds-970&#215;250\"><img loading=\"lazy\" decoding=\"async\" src=\"https:\/\/cdn.noticel.com\/2026\/08\/11180314\/DisplayAds-970x250-1.jpg\" alt=\"\"  srcset=\"https:\/\/cdn.noticel.com\/2026\/08\/11180314\/DisplayAds-970x250-1.jpg 970w, https:\/\/cdn.noticel.com\/2026\/08\/11180314\/DisplayAds-970x250-1-300x77.jpg 300w, https:\/\/cdn.noticel.com\/2026\/08\/11180314\/DisplayAds-970x250-1-768x198.jpg 768w, https:\/\/cdn.noticel.com\/2026\/08\/11180314\/DisplayAds-970x250-1-18x5.jpg 18w\" sizes=\"(max-width: 970px) 100vw, 970px\" width=\"970\" height=\"250\"   \/><\/a><\/div>","protected":false},"excerpt":{"rendered":"<p>Im\u00e1genes de la sesi\u00f3n de la C\u00e1mara del jueves en la que representantes utilizaron guantes y mascarillas ante el temor de contagio por el Coronavirus COVID-19.<\/p>","protected":false},"author":0,"featured_media":536306,"comment_status":"closed","ping_status":"closed","sticky":false,"template":"","format":"standard","meta":{"_acf_changed":false,"_monsterinsights_skip_tracking":false,"ep_exclude_from_search":false,"footnotes":""},"categories":[60,5,2],"tags":[],"class_list":["post-125676","post","type-post","status-publish","format-standard","has-post-thumbnail","hentry","category-fotos","category-legislatura","category-ultima-hora"],"acf":[],"aioseo_notices":[],"_links":{"self":[{"href":"https:\/\/noticel.com\/en\/wp-json\/wp\/v2\/posts\/125676","targetHints":{"allow":["GET"]}}],"collection":[{"href":"https:\/\/noticel.com\/en\/wp-json\/wp\/v2\/posts"}],"about":[{"href":"https:\/\/noticel.com\/en\/wp-json\/wp\/v2\/types\/post"}],"replies":[{"embeddable":true,"href":"https:\/\/noticel.com\/en\/wp-json\/wp\/v2\/comments?post=125676"}],"version-history":[{"count":1,"href":"https:\/\/noticel.com\/en\/wp-json\/wp\/v2\/posts\/125676\/revisions"}],"predecessor-version":[{"id":536311,"href":"https:\/\/noticel.com\/en\/wp-json\/wp\/v2\/posts\/125676\/revisions\/536311"}],"wp:featuredmedia":[{"embeddable":true,"href":"https:\/\/noticel.com\/en\/wp-json\/wp\/v2\/media\/536306"}],"wp:attachment":[{"href":"https:\/\/noticel.com\/en\/wp-json\/wp\/v2\/media?parent=125676"}],"wp:term":[{"taxonomy":"category","embeddable":true,"href":"https:\/\/noticel.com\/en\/wp-json\/wp\/v2\/categories?post=125676"},{"taxonomy":"post_tag","embeddable":true,"href":"https:\/\/noticel.com\/en\/wp-json\/wp\/v2\/tags?post=125676"}],"curies":[{"name":"wp","href":"https:\/\/api.w.org\/{rel}","templated":true}]}}