{"id":125477,"date":"2019-02-05T18:00:40","date_gmt":"2019-02-05T22:00:40","guid":{"rendered":"https:\/\/www.noticel.com\/ahora\/gobierno\/la-calle\/20190205\/a-salvo-el-futuro-de-alfonso-orona-como-abogado\/"},"modified":"2025-07-26T05:29:26","modified_gmt":"2025-07-26T05:29:26","slug":"a-salvo-el-futuro-de-alfonso-orona-como-abogado","status":"publish","type":"post","link":"https:\/\/noticel.com\/en\/ultima-hora\/20190205\/a-salvo-el-futuro-de-alfonso-orona-como-abogado\/","title":{"rendered":"A salvo el futuro de Alfonso Orona como abogado"},"content":{"rendered":"<p><i>No se expone a sanciones \u00e9ticas<\/i><\/p>\n<p>El exasesor legal del gobernador, Alfonso Orona Amilivia, acudir\u00e1 al tribunal el primero de marzo para enfrentar posibles denuncias por conducir negligentemente y bajo los efectos del alcohol.<\/p>\n<p>Aun as\u00ed, dado a que el accidente que provoc\u00f3 en la madrugada del s\u00e1bado no dej\u00f3 a nadie herido y Orona Amilivia cooper\u00f3 con las autoridades, el abogado no se expone a sanci\u00f3n alguna que perjudique su continuaci\u00f3n como oficial de la corte.<\/p>\n<p>&#8216;No hay una posici\u00f3n del Tribunal Supremo en los c\u00e1nones de etica que diga a una persona que le pase esto lo van a separar&#8217;, explic\u00f3 a este medio el catedr\u00e1tico de la Facultad de Derecho de la Universidad Interamericana, Doel Qui\u00f1ones.<\/p>\n<p>En este caso, la aplicaci\u00f3n de medidas disciplinarias o sanciones contra abogados cabr\u00eda si hubiese una fuga o alg\u00fan acto de encubrimiento. &#8216;No todos los hechos equivocados de los abogados necesariamente dan lugar a una formulaci\u00f3n de una medida disciplinaria. Tiene que ser aquellos que implique que la ciudadan\u00eda en general, si permitiera que ese abogado hiciera eso, va a tener una mala visi\u00f3n de lo que es la justicia en el pa\u00eds&#8217;, indic\u00f3 Qui\u00f1ones.<\/p>\n<p>Sin embargo, la parte afectada de este incidente, en este caso la persona contra quien Orona Amilivia choc\u00f3, s\u00ed podr\u00eda presentar una querella ante el Tribunal Supremo si entiende que la conducta del abogado fue impropia. No obstante, Qui\u00f1ones afirm\u00f3 que las circunstancias que rodean el caso y la cooperaci\u00f3n del abogado con las autoridades no posibilitar\u00edan que esa querella progrese a una suspensi\u00f3n.<\/p>\n<p>&#8216;Los perjudicados tienen <em>standing<\/em>, pero la cuesti\u00f3n es resolver en los meritos el asunto, el tribunal, con los hechos que tenemos hasta ahora, donde no ha habido un &#8216;hit and run&#8217;, problemas de agresividad con la persona, no ha habido negaci\u00f3n del hecho. En ausencia de todo eso el tribunal va a archivar esa queja. Porque la persona va a reconocer que hizo un acto equivocado, pero fuera de eso no hay m\u00e1s nada&#8217;, asever\u00f3 Qui\u00f1ones.<\/p>\n<p>Seg\u00fan la informaci\u00f3n reportada por la Polic\u00eda, Orona se accident\u00f3 a las 12:15 de la madrugada del s\u00e1bado en la carretera #1, cerca de la salida hacia la carretera #18 en San Juan. Tras chocar su veh\u00edculo Volkswagen Tiguan contra un Suzuki Aereo, el abogado fue transportado a la Divisi\u00f3n de Patrullas de Carreteras en Hato Rey donde se le efectu\u00f3 una prueba de aliento.<\/p><div class=\"notic-content-middle\" id=\"notic-2094618917\"><div class=\"notic-adlabel\">Advertisements<\/div><a data-no-instant=\"1\" href=\"https:\/\/www.asegurate-bien.com\/\" rel=\"noopener\" class=\"a2t-link\" target=\"_blank\" aria-label=\"Acodese-Adaptaciones-Noticel-300&#215;600\"><img loading=\"lazy\" decoding=\"async\" src=\"https:\/\/cdn.noticel.com\/2026\/05\/30094652\/Acodese-Adaptaciones-Noticel-300x600-1.jpg\" alt=\"\"  srcset=\"https:\/\/cdn.noticel.com\/2026\/05\/30094652\/Acodese-Adaptaciones-Noticel-300x600-1.jpg 300w, https:\/\/cdn.noticel.com\/2026\/05\/30094652\/Acodese-Adaptaciones-Noticel-300x600-1-150x300.jpg 150w, https:\/\/cdn.noticel.com\/2026\/05\/30094652\/Acodese-Adaptaciones-Noticel-300x600-1-6x12.jpg 6w\" sizes=\"(max-width: 300px) 100vw, 300px\" width=\"300\" height=\"600\"   \/><\/a><\/div>\n<p>La prueba arroj\u00f3 un .186% de alcohol en su sangre, m\u00e1s del doble del l\u00edmite legal, por lo que fue citado a comparecer ante el Tribunal de San Juan el pr\u00f3ximo 1 de marzo a las 2 de la tarde.<\/p>\n<p>De acuerdo con el informe de la Polic\u00eda, Orona conduc\u00eda su auto por el carril derecho de la carretera PR-1 en direcci\u00f3n hacia el norte cuando, al llegar a la salida de la PR-18 impact\u00f3 por detr\u00e1s el veh\u00edculo conducido por Yavieliz Marie Maldonado, de 19 a\u00f1os.<\/p>\n<p>Dice el informe que Orona no guard\u00f3 distancia suficiente y al impactar al auto de al frente, este impacta luego la valla de metal.<\/p>\n<p>El agente Alexis Vel\u00e1zquez agreg\u00f3 en su informe que las bolsas de aire de ambos veh\u00edculos fallaron en activarse. Agreg\u00f3 que uno de los pasajeros del carro impactado, identificado como Edwin Luciano, de 19 a\u00f1os, result\u00f3 levemente herido.<\/p>\n<p>Ante estos hechos, Orona Amilivia s\u00ed se expone a un abanico de sanciones leves, tal como la suspensi\u00f3n de su licencia de conducir por 30 d\u00edas, multas especiales de entre $300 y $500 e incluso la asistencia a un programa de rehabilitaci\u00f3n.<\/p>\n<p>Orona Amilivia renunci\u00f3 a su cargo como principal asesor legal del gobernador Ricardo Rossell\u00f3 Nevares horas despues del choque el s\u00e1bado 2 de febrero. Rossell\u00f3 Nevares afirm\u00f3 que Orona Amilivia le inform\u00f3 los hechos y procedi\u00f3 a renunciar para atender la situaci\u00f3n.<\/p>\n<p><a href=\"https:\/\/https:\/\/media.noticel.com\/o2com-noti-media-us-east-1\/document_dev\/2019\/02\/14\/Informe%20de%20la%20Polic%C3%ADa%20del%20accidente%20de%20Orona_1550171249682_33844254_ver1.0.pdf\" target=\"_blank\">Puedes leer aqu\u00ed el informe de la Polic\u00eda:<\/a><\/p>\n<p><img decoding=\"async\" embed-content-articleid=\"1019135852\" embed-content-groupid=\"593030471\" embed-content-id=\"1019135852\" embed-content-imgalign=\"none\" embed-content-index=\"0\" embed-content-location=\"input_story-body\" embed-content-type=\"FILE\" height=\"240px\" src=\"\/amino-v1-theme\/images\/placeholder\/placeholder-16x9.jpg\" style=\"width:100%;\" width=\"360px\"\/><\/p>","protected":false},"excerpt":{"rendered":"<p>No se expone a sanciones \u00e9ticas El exasesor legal del gobernador, Alfonso Orona Amilivia, acudir\u00e1 al tribunal el primero de marzo para enfrentar posibles denuncias por conducir negligentemente y bajo los efectos del alcohol. Aun as\u00ed, dado a que el accidente que provoc\u00f3 en la madrugada del s\u00e1bado no dej\u00f3 a nadie herido y Orona [&hellip;]<\/p>","protected":false},"author":0,"featured_media":579908,"comment_status":"closed","ping_status":"closed","sticky":false,"template":"","format":"standard","meta":{"_acf_changed":false,"_monsterinsights_skip_tracking":false,"ep_exclude_from_search":false,"footnotes":""},"categories":[4,12,2],"tags":[],"class_list":["post-125477","post","type-post","status-publish","format-standard","has-post-thumbnail","hentry","category-gobierno","category-la-calle","category-ultima-hora"],"acf":[],"aioseo_notices":[],"_links":{"self":[{"href":"https:\/\/noticel.com\/en\/wp-json\/wp\/v2\/posts\/125477","targetHints":{"allow":["GET"]}}],"collection":[{"href":"https:\/\/noticel.com\/en\/wp-json\/wp\/v2\/posts"}],"about":[{"href":"https:\/\/noticel.com\/en\/wp-json\/wp\/v2\/types\/post"}],"replies":[{"embeddable":true,"href":"https:\/\/noticel.com\/en\/wp-json\/wp\/v2\/comments?post=125477"}],"version-history":[{"count":1,"href":"https:\/\/noticel.com\/en\/wp-json\/wp\/v2\/posts\/125477\/revisions"}],"predecessor-version":[{"id":579935,"href":"https:\/\/noticel.com\/en\/wp-json\/wp\/v2\/posts\/125477\/revisions\/579935"}],"wp:featuredmedia":[{"embeddable":true,"href":"https:\/\/noticel.com\/en\/wp-json\/wp\/v2\/media\/579908"}],"wp:attachment":[{"href":"https:\/\/noticel.com\/en\/wp-json\/wp\/v2\/media?parent=125477"}],"wp:term":[{"taxonomy":"category","embeddable":true,"href":"https:\/\/noticel.com\/en\/wp-json\/wp\/v2\/categories?post=125477"},{"taxonomy":"post_tag","embeddable":true,"href":"https:\/\/noticel.com\/en\/wp-json\/wp\/v2\/tags?post=125477"}],"curies":[{"name":"wp","href":"https:\/\/api.w.org\/{rel}","templated":true}]}}