{"id":125065,"date":"2016-11-21T12:22:00","date_gmt":"2016-11-21T16:22:00","guid":{"rendered":"http:\/\/www.noticel.com\/ahora\/gobierno\/politica\/20161121\/proximo-gobierno-anticipa-derogacion-de-medidas-aprobadas-en-extraordinaria\/"},"modified":"2025-07-18T09:10:31","modified_gmt":"2025-07-18T09:10:31","slug":"proximo-gobierno-anticipa-derogacion-de-medidas-aprobadas-en-extraordinaria","status":"publish","type":"post","link":"https:\/\/noticel.com\/en\/ultima-hora\/20161121\/proximo-gobierno-anticipa-derogacion-de-medidas-aprobadas-en-extraordinaria\/","title":{"rendered":"Pr\u00f3ximo gobierno anticipa derogaci\u00f3n de medidas aprobadas en extraordinaria"},"content":{"rendered":"<p>El gobernador elector Ricardo Rossell\u00f3 anticip\u00f3 que derogar\u00e1 todas las medidas que se aprueben en esta sesi\u00f3n extraordinaria que tengan un impacto fiscal adverso al presupuesto gubernamental.<\/p>\n<p>&#8216;Van a haber medidas (en la extraordinaria) que tienen impacto fiscal e impacto a nuestra econom\u00eda. Toda medida que tenga un impacto fiscal adverso y a detrimento de nuestra econom\u00eda, la vamos a derogar&#8217;, asegur\u00f3 a la vez que cuestion\u00f3 que se efect\u00fae esta sesi\u00f3n con m\u00e1s de cien medidas en momentos en que el pa\u00eds no puede darse el lujo de tomar decisiones sin estudiar sus efectos.<\/p>\n<p>&#8216;Nosotros estamos en un momento para hacer una sesi\u00f3n extraordinaria de m\u00e1s de cien iniciativas que no se han podido discutir con el pueblo, y por lo tanto, tanto yo como nuestra Asamblea Legislativa estaremos viendo eso. El pueblo de Puerto Rico puede tener la certeza de que cualquier iniciativa que sea en detrimento de nuestra econom\u00eda o tenga un impacto adverso fiscal lo vamos a derogar&#8217;, subray\u00f3.<\/p>\n<p>Rossell\u00f3a\u00f1adi\u00f3 que comenzar\u00e1 a hacer los nombramientos de los funcionarios que formar\u00e1n parte de su gabinete constitucional y jefes de agencias a partir del pr\u00f3ximo lunes.<\/p><div class=\"notic-content-middle\" id=\"notic-319965571\"><div class=\"notic-adlabel\">Advertisements<\/div><a data-no-instant=\"1\" href=\"https:\/\/qrco.de\/bgxd5v\" rel=\"noopener\" class=\"a2t-link\" target=\"_blank\" aria-label=\"300X600-SEBUSCA\"><img loading=\"lazy\" decoding=\"async\" src=\"https:\/\/cdn.noticel.com\/2026\/08\/11172452\/300X600-SEBUSCA.jpg\" alt=\"\"  srcset=\"https:\/\/cdn.noticel.com\/2026\/08\/11172452\/300X600-SEBUSCA.jpg 300w, https:\/\/cdn.noticel.com\/2026\/08\/11172452\/300X600-SEBUSCA-150x300.jpg 150w, https:\/\/cdn.noticel.com\/2026\/08\/11172452\/300X600-SEBUSCA-6x12.jpg 6w\" sizes=\"(max-width: 300px) 100vw, 300px\" width=\"300\" height=\"600\"   \/><\/a><\/div>\n<p>&#8216;He decidido comenzar los nombramientos el lunes de la pr\u00f3xima semana\u2026 Estos d\u00edas son cr\u00edticos para el enfoque de saber los datos fiscales y no quiero que la informaci\u00f3n se diluya&#8217;, sostuvo el Gobernador electo en referencia al comienzo del proceso de vistas de transici\u00f3n gubernamental que <a href=\"https:\/\/noticel.com\/en\/noticia\/197285\/cuadro-fiscal-tensa-primera-vista-de-transicion.html\/\" target=\"_blank\">iniciaron<\/a> hoy, lunes.<\/p>\n<p>Aunque dijo &#8216;que siempre me gusta dar la oportunidad&#8217;, el Gobernador electo pareci\u00f3 descartar la posibilidad de considerar a Juan Zaragoza para que permanezca en la secretar\u00eda del Departamento de Haciendadebido al manejo de las finanzas p\u00fablicas de la presente administraci\u00f3n.<\/p>\n<p>&#8216;Las personas que sean consideradas para nuestras posiciones de liderato tiene que tener una visi\u00f3n para ejecutar nuestro plan&#8217;, acot\u00f3 Rossell\u00f3.<\/p>","protected":false},"excerpt":{"rendered":"<p>El gobernador elector Ricardo Rossell\u00f3 anticip\u00f3 que derogar\u00e1 todas las medidas que se aprueben en esta sesi\u00f3n extraordinaria que tengan un impacto fiscal adverso al presupuesto gubernamental. &#8216;Van a haber medidas (en la extraordinaria) que tienen impacto fiscal e impacto a nuestra econom\u00eda. Toda medida que tenga un impacto fiscal adverso y a detrimento de [&hellip;]<\/p>","protected":false},"author":0,"featured_media":504921,"comment_status":"closed","ping_status":"closed","sticky":false,"template":"","format":"standard","meta":{"_acf_changed":false,"_monsterinsights_skip_tracking":false,"ep_exclude_from_search":false,"footnotes":""},"categories":[4,7,2],"tags":[],"class_list":["post-125065","post","type-post","status-publish","format-standard","has-post-thumbnail","hentry","category-gobierno","category-politica","category-ultima-hora"],"acf":[],"aioseo_notices":[],"_links":{"self":[{"href":"https:\/\/noticel.com\/en\/wp-json\/wp\/v2\/posts\/125065","targetHints":{"allow":["GET"]}}],"collection":[{"href":"https:\/\/noticel.com\/en\/wp-json\/wp\/v2\/posts"}],"about":[{"href":"https:\/\/noticel.com\/en\/wp-json\/wp\/v2\/types\/post"}],"replies":[{"embeddable":true,"href":"https:\/\/noticel.com\/en\/wp-json\/wp\/v2\/comments?post=125065"}],"version-history":[{"count":1,"href":"https:\/\/noticel.com\/en\/wp-json\/wp\/v2\/posts\/125065\/revisions"}],"predecessor-version":[{"id":504928,"href":"https:\/\/noticel.com\/en\/wp-json\/wp\/v2\/posts\/125065\/revisions\/504928"}],"wp:featuredmedia":[{"embeddable":true,"href":"https:\/\/noticel.com\/en\/wp-json\/wp\/v2\/media\/504921"}],"wp:attachment":[{"href":"https:\/\/noticel.com\/en\/wp-json\/wp\/v2\/media?parent=125065"}],"wp:term":[{"taxonomy":"category","embeddable":true,"href":"https:\/\/noticel.com\/en\/wp-json\/wp\/v2\/categories?post=125065"},{"taxonomy":"post_tag","embeddable":true,"href":"https:\/\/noticel.com\/en\/wp-json\/wp\/v2\/tags?post=125065"}],"curies":[{"name":"wp","href":"https:\/\/api.w.org\/{rel}","templated":true}]}}