{"id":125005,"date":"2011-02-04T13:20:00","date_gmt":"2011-02-04T17:20:00","guid":{"rendered":"https:\/\/www.noticel.com\/ahora\/20110204\/gobe-no-comenta-caso-hilton-cordero\/"},"modified":"2025-08-29T19:33:42","modified_gmt":"2025-08-29T19:33:42","slug":"gobe-no-comenta-caso-hilton-cordero","status":"publish","type":"post","link":"https:\/\/noticel.com\/en\/ultima-hora\/20110204\/gobe-no-comenta-caso-hilton-cordero\/","title":{"rendered":"Gobe no comenta caso Hilton Cordero"},"content":{"rendered":"<p>El gobernador Luis Fortu\u00f1o convoc\u00f3 a una conferencia de prensa en el Colegio Adian\u00e9z, en la que se lanz\u00f3 la campa\u00f1a &#8216;Navega Seguro en Internet&#8217;.<\/p>\n<p>Ante la remoci\u00f3n esta ma\u00f1ana del Comisionado de Seguridad de San Juan, Hilton Cordero, por las alegadas denuncia de su hija de 15 a\u00f1os por actos lascivos en su contra, Fortu\u00f1o manifest\u00f3 que no tiene duda que las autoridades van actuar correctamente con respecto a la investigaci\u00f3n.<\/p>\n<p>No obstante, Fortu\u00f1o se abstuvo de hacer comentarios al respecto, pues se\u00f1al\u00f3 &#8216;que hay un proceso que tiene que correr&#8217;.<\/p>\n<p>Los medios tambi\u00e9n abordaron a Fortu\u00f1o sobre un supuesto contrato de arrendamiento al edificio de la Iglesia Fuente de Agua Viva.<\/p><div class=\"notic-content-middle\" id=\"notic-1024579762\"><div class=\"notic-adlabel\">Advertisements<\/div><a data-no-instant=\"1\" href=\"https:\/\/www.asegurate-bien.com\/\" rel=\"noopener\" class=\"a2t-link\" target=\"_blank\" aria-label=\"Acodese-Adaptaciones-Noticel-970&#215;90\"><img loading=\"lazy\" decoding=\"async\" src=\"https:\/\/cdn.noticel.com\/2026\/07\/30100146\/Acodese-Adaptaciones-Noticel-970x90-1.jpg\" alt=\"\"  srcset=\"https:\/\/cdn.noticel.com\/2026\/07\/30100146\/Acodese-Adaptaciones-Noticel-970x90-1.jpg 970w, https:\/\/cdn.noticel.com\/2026\/07\/30100146\/Acodese-Adaptaciones-Noticel-970x90-1-300x28.jpg 300w, https:\/\/cdn.noticel.com\/2026\/07\/30100146\/Acodese-Adaptaciones-Noticel-970x90-1-768x71.jpg 768w, https:\/\/cdn.noticel.com\/2026\/07\/30100146\/Acodese-Adaptaciones-Noticel-970x90-1-18x2.jpg 18w\" sizes=\"(max-width: 970px) 100vw, 970px\" width=\"970\" height=\"90\"   \/><\/a><\/div>\n<p>En la ma\u00f1ana circul\u00f3 en las redes sociales una versi\u00f3n aludiendo a que &#8216;un realtor con grandes influencias en el Gobierno de Fortu\u00f1o logr\u00f3 esta ma\u00f1ana completar los tr\u00e1mites para que La Fortaleza le diera el visto bueno a una transacci\u00f3n millonaria para que el edificio Torre Fuente de Agua Viva, ubicado en el sector Sabana de Carolina, pase a manos del gobierno con una renta millonaria a favor de la Iglesia de Font.<\/p>\n<p>Fortu\u00f1o expres\u00f3 sobre la alegaci\u00f3n que &#8216;no tengo conocimiento&#8217;, y se mostr\u00f3 indiferente de que el mencionado edificio sea utilizado para oficinas gubernamentales.<\/p>\n<p>Interrogado Luis Fraticelli, director del FBI en Puerto Rico y presente en la conferencia de prensa junto al Gobernador, sobre un informe federal en el que se revelan supuestas irregularidades en la utilizaci\u00f3n de los fondos que obtiene el Departamento de Educacion, \u00e9ste no precis\u00f3 si se sigue una investigaci\u00f3n como lo del fraude a AFLAC.<\/p>\n<p>Fraticelli tambi\u00e9n se rehus\u00f3 a emitir comentarios sobre las conversaciones que ha mantenido con el secretario de Educaci\u00f3n, Jes\u00fas Rivera. Sin embargo, no descart\u00f3 la posibilidad de que surjan acusaciones.<\/p>","protected":false},"excerpt":{"rendered":"<p>El gobernador Luis Fortu\u00f1o convoc\u00f3 a una conferencia de prensa en el Colegio Adian\u00e9z, en la que se lanz\u00f3 la campa\u00f1a &#8216;Navega Seguro en Internet&#8217;. Ante la remoci\u00f3n esta ma\u00f1ana del Comisionado de Seguridad de San Juan, Hilton Cordero, por las alegadas denuncia de su hija de 15 a\u00f1os por actos lascivos en su contra, [&hellip;]<\/p>","protected":false},"author":0,"featured_media":939827,"comment_status":"closed","ping_status":"closed","sticky":false,"template":"","format":"standard","meta":{"_acf_changed":false,"_monsterinsights_skip_tracking":false,"ep_exclude_from_search":false,"footnotes":""},"categories":[2],"tags":[],"class_list":["post-125005","post","type-post","status-publish","format-standard","has-post-thumbnail","hentry","category-ultima-hora"],"acf":[],"aioseo_notices":[],"_links":{"self":[{"href":"https:\/\/noticel.com\/en\/wp-json\/wp\/v2\/posts\/125005","targetHints":{"allow":["GET"]}}],"collection":[{"href":"https:\/\/noticel.com\/en\/wp-json\/wp\/v2\/posts"}],"about":[{"href":"https:\/\/noticel.com\/en\/wp-json\/wp\/v2\/types\/post"}],"replies":[{"embeddable":true,"href":"https:\/\/noticel.com\/en\/wp-json\/wp\/v2\/comments?post=125005"}],"version-history":[{"count":1,"href":"https:\/\/noticel.com\/en\/wp-json\/wp\/v2\/posts\/125005\/revisions"}],"predecessor-version":[{"id":939836,"href":"https:\/\/noticel.com\/en\/wp-json\/wp\/v2\/posts\/125005\/revisions\/939836"}],"wp:featuredmedia":[{"embeddable":true,"href":"https:\/\/noticel.com\/en\/wp-json\/wp\/v2\/media\/939827"}],"wp:attachment":[{"href":"https:\/\/noticel.com\/en\/wp-json\/wp\/v2\/media?parent=125005"}],"wp:term":[{"taxonomy":"category","embeddable":true,"href":"https:\/\/noticel.com\/en\/wp-json\/wp\/v2\/categories?post=125005"},{"taxonomy":"post_tag","embeddable":true,"href":"https:\/\/noticel.com\/en\/wp-json\/wp\/v2\/tags?post=125005"}],"curies":[{"name":"wp","href":"https:\/\/api.w.org\/{rel}","templated":true}]}}