{"id":124594,"date":"2016-11-07T07:39:00","date_gmt":"2016-11-07T11:39:00","guid":{"rendered":"http:\/\/www.noticel.com\/ahora\/politica\/20161107\/representante-baez-no-votare-por-yulin\/"},"modified":"2025-07-18T11:10:17","modified_gmt":"2025-07-18T11:10:17","slug":"representante-baez-no-votare-por-yulin","status":"publish","type":"post","link":"https:\/\/noticel.com\/en\/ultima-hora\/20161107\/representante-baez-no-votare-por-yulin\/","title":{"rendered":"Representante B\u00e1ez: &#8216;No votar\u00e9 por Yul\u00edn&#8217;"},"content":{"rendered":"<p>El representante del Partido Popular Democr\u00e1tico (PPD), Jose B\u00e1ez, pareci\u00f3 cruzar l\u00edneas al aclarar que endosar\u00eda al candidato del Partido Nuevo Progresista (PNP) a la alcald\u00eda de San Juan, Leo D\u00edaz, con la condici\u00f3n de que este apoye su propuesta sometida a la Junta de Control Fiscal (JCF) para consolidar alcald\u00edas.<\/p>\n<p>&#8216;Quiero poner en contexto mis expresiones del pasado s\u00e1bado, proponiendo endosar a Leo D\u00edaz si apoya la propuesta de consolidar municipios en lugar del despido de empleados p\u00fablicos y de la reducci\u00f3n de servicios esenciales, que le present\u00e9 a la Junta de Supervisi\u00f3n Fiscal. Durante la semana pasada Carmen Yul\u00edn(Cruz Soto, alcaldesa de San Juan) no solo se opuso a que personas cercanas a su campa\u00f1a suscribieran la propuesta, sino que les llam\u00f3 la atenci\u00f3n cuando copiaron la noticia digital que rese\u00f1\u00f3 la misma. Rompo mi silencio y me reitero en que no votar\u00e9 por Yul\u00edn, m\u00e1s aun cuando Puerto Rico lo menos que necesita es l\u00edderes obstaculizando propuestas dirigidas a la Junta, porque est\u00e1n determinados a combatirla, sin diferenciar entre las propuestas que son convenientes y las que no&#8217;, reiter\u00f3 B\u00e1ez en comunicaci\u00f3n escrita la ma\u00f1ana de hoy, lunes.<\/p>\n<p>B\u00e1ez present\u00f3 el Proyecto de la C\u00e1mara n\u00famero 2948, que propuso la consolidaci\u00f3n municipal a la que se refiere y cuyo contenido le hizo llegar a la Junta. Mediante el mismo se sugiere la supresi\u00f3n de 58 municipios, consolid\u00e1ndolos en 20.<\/p><div class=\"notic-content-middle\" id=\"notic-727195880\"><div class=\"notic-adlabel\">Advertisements<\/div><a data-no-instant=\"1\" href=\"https:\/\/qrco.de\/bgxd5v\" rel=\"noopener\" class=\"a2t-link\" target=\"_blank\" aria-label=\"DisplayAd-728&#215;902\"><img loading=\"lazy\" decoding=\"async\" src=\"https:\/\/cdn.noticel.com\/2026\/09\/02195411\/DisplayAd-728x902-1.jpg\" alt=\"\"  srcset=\"https:\/\/cdn.noticel.com\/2026\/09\/02195411\/DisplayAd-728x902-1.jpg 728w, https:\/\/cdn.noticel.com\/2026\/09\/02195411\/DisplayAd-728x902-1-300x37.jpg 300w, https:\/\/cdn.noticel.com\/2026\/09\/02195411\/DisplayAd-728x902-1-18x2.jpg 18w\" sizes=\"(max-width: 728px) 100vw, 728px\" width=\"728\" height=\"90\"   \/><\/a><\/div>\n<p>&#8216;Sin pasi\u00f3n alguna ni temor a equivocarme, prefiero despedir a cincuenta y ocho alcaldes antes de despedir a empleados p\u00fablicos y reducir servicios esenciales. As\u00ed no s\u00f3lo aseguramos la estabilidad de nuestra econom\u00eda, sino que abaratamos y eficientizamos estructuralmente la administraci\u00f3n municipal&#8217;, asegur\u00f3 B\u00e1ez este s\u00e1bado.<\/p>\n<p>Lea tambi\u00e9n<\/p>\n<p><a href=\"https:\/\/noticel.com\/en\/noticia\/196671\/defienden-despedir-a-alcaldes-no-a-empleados-publicos-y-le-salen-al-paso.html\/\" target=\"_blank\">Defienden &#8216;despedir a alcaldes, no a empleados p\u00fablicos&#8217;&#8230; y le salen al paso<\/a><\/p>","protected":false},"excerpt":{"rendered":"<p>El representante del Partido Popular Democr\u00e1tico (PPD), Jose B\u00e1ez, pareci\u00f3 cruzar l\u00edneas al aclarar que endosar\u00eda al candidato del Partido Nuevo Progresista (PNP) a la alcald\u00eda de San Juan, Leo D\u00edaz, con la condici\u00f3n de que este apoye su propuesta sometida a la Junta de Control Fiscal (JCF) para consolidar alcald\u00edas. &#8216;Quiero poner en contexto [&hellip;]<\/p>","protected":false},"author":0,"featured_media":517550,"comment_status":"closed","ping_status":"closed","sticky":false,"template":"","format":"standard","meta":{"_acf_changed":false,"_monsterinsights_skip_tracking":false,"ep_exclude_from_search":false,"footnotes":""},"categories":[7,2],"tags":[],"class_list":["post-124594","post","type-post","status-publish","format-standard","has-post-thumbnail","hentry","category-politica","category-ultima-hora"],"acf":[],"aioseo_notices":[],"_links":{"self":[{"href":"https:\/\/noticel.com\/en\/wp-json\/wp\/v2\/posts\/124594","targetHints":{"allow":["GET"]}}],"collection":[{"href":"https:\/\/noticel.com\/en\/wp-json\/wp\/v2\/posts"}],"about":[{"href":"https:\/\/noticel.com\/en\/wp-json\/wp\/v2\/types\/post"}],"replies":[{"embeddable":true,"href":"https:\/\/noticel.com\/en\/wp-json\/wp\/v2\/comments?post=124594"}],"version-history":[{"count":1,"href":"https:\/\/noticel.com\/en\/wp-json\/wp\/v2\/posts\/124594\/revisions"}],"predecessor-version":[{"id":517552,"href":"https:\/\/noticel.com\/en\/wp-json\/wp\/v2\/posts\/124594\/revisions\/517552"}],"wp:featuredmedia":[{"embeddable":true,"href":"https:\/\/noticel.com\/en\/wp-json\/wp\/v2\/media\/517550"}],"wp:attachment":[{"href":"https:\/\/noticel.com\/en\/wp-json\/wp\/v2\/media?parent=124594"}],"wp:term":[{"taxonomy":"category","embeddable":true,"href":"https:\/\/noticel.com\/en\/wp-json\/wp\/v2\/categories?post=124594"},{"taxonomy":"post_tag","embeddable":true,"href":"https:\/\/noticel.com\/en\/wp-json\/wp\/v2\/tags?post=124594"}],"curies":[{"name":"wp","href":"https:\/\/api.w.org\/{rel}","templated":true}]}}