{"id":124530,"date":"2017-06-08T07:22:00","date_gmt":"2017-06-08T11:22:00","guid":{"rendered":"http:\/\/www.noticel.com\/ahora\/educacion\/20170608\/menor-sufre-accidente-en-departamento-de-educacion-especial\/"},"modified":"2025-07-22T13:13:41","modified_gmt":"2025-07-22T13:13:41","slug":"menor-sufre-accidente-en-departamento-de-educacion-especial","status":"publish","type":"post","link":"https:\/\/noticel.com\/en\/ultima-hora\/20170608\/menor-sufre-accidente-en-departamento-de-educacion-especial\/","title":{"rendered":"Menor sufre accidente en Departamento de Educaci\u00f3n Especial"},"content":{"rendered":"<p>Una menor sufri\u00f3 un accidente en el Departamento de Educaci\u00f3n Especial de Ponce al desprenderse supuestamente un pedazo de madera del edificio, inform\u00f3 el jueves la Polic\u00eda.<\/p>\n<p>Seg\u00fan el parte policial, el incidente ocurri\u00f3 en horas de la ma\u00f1ana del mi\u00e9rcoles donde la madre de la ni\u00f1a de tres a\u00f1os, Irmarie Luna, aleg\u00f3 que mientras se encontraba en los predios del Departamento de Educaci\u00f3n Especial, ubicado frente al Hospital Damas en Ponce, se desprendi\u00f3 un pedazo de madera del edificio que cay\u00f3 sobre la menor, que recibe terapias en dicho centro.<\/p><div class=\"notic-content-middle\" id=\"notic-2298033909\"><div class=\"notic-adlabel\">Advertisements<\/div><a data-no-instant=\"1\" href=\"https:\/\/www.asegurate-bien.com\/\" rel=\"noopener\" class=\"a2t-link\" target=\"_blank\" aria-label=\"Acodese-Adaptaciones-Noticel-300&#215;600\"><img loading=\"lazy\" decoding=\"async\" src=\"https:\/\/cdn.noticel.com\/2026\/05\/30094652\/Acodese-Adaptaciones-Noticel-300x600-1.jpg\" alt=\"\"  srcset=\"https:\/\/cdn.noticel.com\/2026\/05\/30094652\/Acodese-Adaptaciones-Noticel-300x600-1.jpg 300w, https:\/\/cdn.noticel.com\/2026\/05\/30094652\/Acodese-Adaptaciones-Noticel-300x600-1-150x300.jpg 150w, https:\/\/cdn.noticel.com\/2026\/05\/30094652\/Acodese-Adaptaciones-Noticel-300x600-1-6x12.jpg 6w\" sizes=\"(max-width: 300px) 100vw, 300px\" width=\"300\" height=\"600\"   \/><\/a><\/div>\n<p>La madre transport\u00f3 a la menor al hospital donde el m\u00e9dico de turno diagnostic\u00f3 trauma en rodilla y pierna izquierda. La menor se encuentra en condici\u00f3n estable, estableci\u00f3 la uniformada.<\/p>\n<p>La querella fue investigada por la agente Faadia Perales, adscrita al Precinto Playa del municipio.<\/p>","protected":false},"excerpt":{"rendered":"<p>Una menor sufri\u00f3 un accidente en el Departamento de Educaci\u00f3n Especial de Ponce al desprenderse supuestamente un pedazo de madera del edificio, inform\u00f3 el jueves la Polic\u00eda. Seg\u00fan el parte policial, el incidente ocurri\u00f3 en horas de la ma\u00f1ana del mi\u00e9rcoles donde la madre de la ni\u00f1a de tres a\u00f1os, Irmarie Luna, aleg\u00f3 que mientras [&hellip;]<\/p>","protected":false},"author":0,"featured_media":555958,"comment_status":"closed","ping_status":"closed","sticky":false,"template":"","format":"standard","meta":{"_acf_changed":false,"_monsterinsights_skip_tracking":false,"ep_exclude_from_search":false,"footnotes":""},"categories":[2],"tags":[],"class_list":["post-124530","post","type-post","status-publish","format-standard","has-post-thumbnail","hentry","category-ultima-hora"],"acf":[],"aioseo_notices":[],"_links":{"self":[{"href":"https:\/\/noticel.com\/en\/wp-json\/wp\/v2\/posts\/124530","targetHints":{"allow":["GET"]}}],"collection":[{"href":"https:\/\/noticel.com\/en\/wp-json\/wp\/v2\/posts"}],"about":[{"href":"https:\/\/noticel.com\/en\/wp-json\/wp\/v2\/types\/post"}],"replies":[{"embeddable":true,"href":"https:\/\/noticel.com\/en\/wp-json\/wp\/v2\/comments?post=124530"}],"version-history":[{"count":1,"href":"https:\/\/noticel.com\/en\/wp-json\/wp\/v2\/posts\/124530\/revisions"}],"predecessor-version":[{"id":555959,"href":"https:\/\/noticel.com\/en\/wp-json\/wp\/v2\/posts\/124530\/revisions\/555959"}],"wp:featuredmedia":[{"embeddable":true,"href":"https:\/\/noticel.com\/en\/wp-json\/wp\/v2\/media\/555958"}],"wp:attachment":[{"href":"https:\/\/noticel.com\/en\/wp-json\/wp\/v2\/media?parent=124530"}],"wp:term":[{"taxonomy":"category","embeddable":true,"href":"https:\/\/noticel.com\/en\/wp-json\/wp\/v2\/categories?post=124530"},{"taxonomy":"post_tag","embeddable":true,"href":"https:\/\/noticel.com\/en\/wp-json\/wp\/v2\/tags?post=124530"}],"curies":[{"name":"wp","href":"https:\/\/api.w.org\/{rel}","templated":true}]}}