{"id":124287,"date":"2012-01-08T09:33:00","date_gmt":"2012-01-08T13:33:00","guid":{"rendered":"http:\/\/www.noticel.com\/economia\/20120108\/cameron-favorece-los-accionistas-veten-salarios-ejecutivos\/"},"modified":"2025-08-28T20:40:25","modified_gmt":"2025-08-28T20:40:25","slug":"cameron-favorece-los-accionistas-veten-salarios-ejecutivos","status":"publish","type":"post","link":"https:\/\/noticel.com\/en\/economia\/20120108\/cameron-favorece-los-accionistas-veten-salarios-ejecutivos\/","title":{"rendered":"Cameron favorece los accionistas veten salarios ejecutivos"},"content":{"rendered":"<p>Londres &#8211; El primer ministro brit\u00e1nico, David Cameron, est\u00e1 a favor de que los accionistas de las grandes empresas puedan vetar los altos salarios y las primas de los ejecutivos, sobre todo en momentos de crisis.<\/p>\n<p>En una entrevista publicada hoy en el dominical brit\u00e1nico &#8216;The Sunday Telegraph&#8217;, Cameron se mostr\u00f3 dispuesto a poner fin a las abultadas pagas que se aprueban los directivos entre ellos, incluso en casos en que las empresas terminan fracasando.<\/p>\n<p>&#8216;El mercado para los altos directivos no est\u00e1 funcionando, tiene que ser resuelto. Demos poderes a los accionistas con la puesta en marcha de un voto directo sobre los paquetes salariales&#8217;, dijo.<\/p>\n<p>El primer ministro interviene as\u00ed en la actual pol\u00e9mica por la diferencia salarial en las empresas en momentos en que se est\u00e1n recortando empleos y se congelan los sueldos.<\/p><div class=\"notic-content-middle\" id=\"notic-3953795759\"><div class=\"notic-adlabel\">Advertisements<\/div><a data-no-instant=\"1\" href=\"https:\/\/www.asegurate-bien.com\/\" rel=\"noopener\" class=\"a2t-link\" target=\"_blank\" aria-label=\"Acodese-Adaptaciones-Noticel-970&#215;90\"><img loading=\"lazy\" decoding=\"async\" src=\"https:\/\/cdn.noticel.com\/2026\/07\/30100146\/Acodese-Adaptaciones-Noticel-970x90-1.jpg\" alt=\"\"  srcset=\"https:\/\/cdn.noticel.com\/2026\/07\/30100146\/Acodese-Adaptaciones-Noticel-970x90-1.jpg 970w, https:\/\/cdn.noticel.com\/2026\/07\/30100146\/Acodese-Adaptaciones-Noticel-970x90-1-300x28.jpg 300w, https:\/\/cdn.noticel.com\/2026\/07\/30100146\/Acodese-Adaptaciones-Noticel-970x90-1-768x71.jpg 768w, https:\/\/cdn.noticel.com\/2026\/07\/30100146\/Acodese-Adaptaciones-Noticel-970x90-1-18x2.jpg 18w\" sizes=\"(max-width: 970px) 100vw, 970px\" width=\"970\" height=\"90\"   \/><\/a><\/div>\n<p>El Gobierno de coalici\u00f3n entre conservadores y liberaldem\u00f3cratas estudia esta situaci\u00f3n y se espera que el titular de Empresas, Vince Cable, presente este a\u00f1o una serie de reformas.<\/p>\n<p>Cameron, que ha aplicado fuertes medidas de austeridad para reducir el d\u00e9ficit, consider\u00f3 injusto que los miembros de los consejos de administraci\u00f3n reciban altos sueldos mientras el resto del pa\u00eds est\u00e1 obligado a ajustarse el cintur\u00f3n por la crisis.<\/p>\n<p>&#8216;Tenemos que redefinir la palabra &#8216;justo\u00bb, subraya Cameron que insiste en la necesidad de transmitir a la poblaci\u00f3n el prop\u00f3sito del gobierno de establecer &#8216;una m\u00e1s justa y mejor econom\u00eda, una m\u00e1s justa y mejor sociedad&#8217;.<\/p>\n<p>Todos los partidos pol\u00edticos han expresado la preocupaci\u00f3n por los altos salarios de los directivos de empresa incluso cuando \u00e9stas no prosperan o registran p\u00e9rdidas.<\/p>","protected":false},"excerpt":{"rendered":"<p>Londres &#8211; El primer ministro brit\u00e1nico, David Cameron, est\u00e1 a favor de que los accionistas de las grandes empresas puedan vetar los altos salarios y las primas de los ejecutivos, sobre todo en momentos de crisis. En una entrevista publicada hoy en el dominical brit\u00e1nico &#8216;The Sunday Telegraph&#8217;, Cameron se mostr\u00f3 dispuesto a poner fin [&hellip;]<\/p>","protected":false},"author":0,"featured_media":927575,"comment_status":"closed","ping_status":"closed","sticky":false,"template":"","format":"standard","meta":{"_acf_changed":false,"_monsterinsights_skip_tracking":false,"ep_exclude_from_search":false,"footnotes":""},"categories":[22],"tags":[],"class_list":["post-124287","post","type-post","status-publish","format-standard","has-post-thumbnail","hentry","category-economia"],"acf":[],"aioseo_notices":[],"_links":{"self":[{"href":"https:\/\/noticel.com\/en\/wp-json\/wp\/v2\/posts\/124287","targetHints":{"allow":["GET"]}}],"collection":[{"href":"https:\/\/noticel.com\/en\/wp-json\/wp\/v2\/posts"}],"about":[{"href":"https:\/\/noticel.com\/en\/wp-json\/wp\/v2\/types\/post"}],"replies":[{"embeddable":true,"href":"https:\/\/noticel.com\/en\/wp-json\/wp\/v2\/comments?post=124287"}],"version-history":[{"count":1,"href":"https:\/\/noticel.com\/en\/wp-json\/wp\/v2\/posts\/124287\/revisions"}],"predecessor-version":[{"id":927629,"href":"https:\/\/noticel.com\/en\/wp-json\/wp\/v2\/posts\/124287\/revisions\/927629"}],"wp:featuredmedia":[{"embeddable":true,"href":"https:\/\/noticel.com\/en\/wp-json\/wp\/v2\/media\/927575"}],"wp:attachment":[{"href":"https:\/\/noticel.com\/en\/wp-json\/wp\/v2\/media?parent=124287"}],"wp:term":[{"taxonomy":"category","embeddable":true,"href":"https:\/\/noticel.com\/en\/wp-json\/wp\/v2\/categories?post=124287"},{"taxonomy":"post_tag","embeddable":true,"href":"https:\/\/noticel.com\/en\/wp-json\/wp\/v2\/tags?post=124287"}],"curies":[{"name":"wp","href":"https:\/\/api.w.org\/{rel}","templated":true}]}}