{"id":124051,"date":"2014-04-13T11:30:15","date_gmt":"2014-04-13T15:30:15","guid":{"rendered":"http:\/\/www.noticel.com\/mundo\/20140413\/mueren-mas-de-30-personas-por-accidente-de-carretera-en-mexico\/"},"modified":"2025-08-19T19:21:14","modified_gmt":"2025-08-19T19:21:14","slug":"mueren-mas-de-30-personas-por-accidente-de-carretera-en-mexico","status":"publish","type":"post","link":"https:\/\/noticel.com\/en\/noticias\/mundo\/20140413\/mueren-mas-de-30-personas-por-accidente-de-carretera-en-mexico\/","title":{"rendered":"Mueren m\u00e1s de 30 personas por accidente de carretera en M\u00e9xico"},"content":{"rendered":"<p>Veracruz &#8211; M\u00e1s de 30 personas murieron y al menos cuatro resultaron heridas esta ma\u00f1ana al incendiarse un autob\u00fas tur\u00edstico que se estrell\u00f3 contra un tractocami\u00f3n estacionado en la carretera Cosamalopan-Acayucan, en el sur del oriental estado mexicano de Veracruz, indican reportes oficiales.<\/p><div class=\"notic-content-middle\" id=\"notic-3578446582\"><div class=\"notic-adlabel\">Advertisements<\/div><a data-no-instant=\"1\" href=\"https:\/\/www.asegurate-bien.com\/\" rel=\"noopener\" class=\"a2t-link\" target=\"_blank\" aria-label=\"Acodese-Adaptaciones-Noticel-300&#215;250\"><img loading=\"lazy\" decoding=\"async\" src=\"https:\/\/cdn.noticel.com\/2026\/05\/30094423\/Acodese-Adaptaciones-Noticel-300x250-1.jpg\" alt=\"\"  srcset=\"https:\/\/cdn.noticel.com\/2026\/05\/30094423\/Acodese-Adaptaciones-Noticel-300x250-1.jpg 300w, https:\/\/cdn.noticel.com\/2026\/05\/30094423\/Acodese-Adaptaciones-Noticel-300x250-1-14x12.jpg 14w\" sizes=\"(max-width: 300px) 100vw, 300px\" width=\"300\" height=\"250\"   \/><\/a><\/div>\n<p>El gobernador de Veracruz, Javier Duarte, viaj\u00f3 al hospital al que fueron trasladados los heridos, y expres\u00f3 sus condolencias a los familiares de las v\u00edctimas fatales.<\/p>","protected":false},"excerpt":{"rendered":"<p>Veracruz &#8211; M\u00e1s de 30 personas murieron y al menos cuatro resultaron heridas esta ma\u00f1ana al incendiarse un autob\u00fas tur\u00edstico que se estrell\u00f3 contra un tractocami\u00f3n estacionado en la carretera Cosamalopan-Acayucan, en el sur del oriental estado mexicano de Veracruz, indican reportes oficiales. El gobernador de Veracruz, Javier Duarte, viaj\u00f3 al hospital al que fueron [&hellip;]<\/p>","protected":false},"author":0,"featured_media":0,"comment_status":"closed","ping_status":"closed","sticky":false,"template":"","format":"standard","meta":{"_acf_changed":false,"_monsterinsights_skip_tracking":false,"ep_exclude_from_search":false,"footnotes":""},"categories":[17],"tags":[],"class_list":["post-124051","post","type-post","status-publish","format-standard","hentry","category-mundo"],"acf":[],"aioseo_notices":[],"_links":{"self":[{"href":"https:\/\/noticel.com\/en\/wp-json\/wp\/v2\/posts\/124051","targetHints":{"allow":["GET"]}}],"collection":[{"href":"https:\/\/noticel.com\/en\/wp-json\/wp\/v2\/posts"}],"about":[{"href":"https:\/\/noticel.com\/en\/wp-json\/wp\/v2\/types\/post"}],"replies":[{"embeddable":true,"href":"https:\/\/noticel.com\/en\/wp-json\/wp\/v2\/comments?post=124051"}],"version-history":[{"count":1,"href":"https:\/\/noticel.com\/en\/wp-json\/wp\/v2\/posts\/124051\/revisions"}],"predecessor-version":[{"id":876066,"href":"https:\/\/noticel.com\/en\/wp-json\/wp\/v2\/posts\/124051\/revisions\/876066"}],"wp:attachment":[{"href":"https:\/\/noticel.com\/en\/wp-json\/wp\/v2\/media?parent=124051"}],"wp:term":[{"taxonomy":"category","embeddable":true,"href":"https:\/\/noticel.com\/en\/wp-json\/wp\/v2\/categories?post=124051"},{"taxonomy":"post_tag","embeddable":true,"href":"https:\/\/noticel.com\/en\/wp-json\/wp\/v2\/tags?post=124051"}],"curies":[{"name":"wp","href":"https:\/\/api.w.org\/{rel}","templated":true}]}}