{"id":124043,"date":"2013-11-05T18:51:43","date_gmt":"2013-11-05T22:51:43","guid":{"rendered":"http:\/\/www.noticel.com\/vida\/20131105\/adamari-lopez-no-piensa-en-matrimonio\/"},"modified":"2025-07-18T10:17:10","modified_gmt":"2025-07-18T10:17:10","slug":"adamari-lopez-no-piensa-en-matrimonio","status":"publish","type":"post","link":"https:\/\/noticel.com\/en\/vida-y-bienestar\/20131105\/adamari-lopez-no-piensa-en-matrimonio\/","title":{"rendered":"Adamari L\u00f3pez no piensa en matrimonio"},"content":{"rendered":"<p>Adamari L\u00f3pez no piensa en matrimonio con su pareja de dos a\u00f1os, el bailar\u00edn y core\u00f3grafo, Toni Costa. &#8216;No le tengo miedo al matrimonio, solo que eso no es algo que est\u00e1 en mis planes. No siento la necesidad de casarme, pero s\u00ed creo en una relaci\u00f3n con pareja para toda la vida&#8217;, se\u00f1al\u00f3 la actriz quien promueve la versi\u00f3n en ingles de su libro &#8216;Viviendo&#8217;.<\/p>\n<p>Recalc\u00f3 que ha tenido conversaciones con su novio sobre el tema de la maternidad y ambos han llegado a la conclusi\u00f3n de que &#8216;todo se dar\u00e1 en el tiempo de Dios&#8217;.<\/p>\n<p>Insisti\u00f3 en que &#8216;tengo un deseo muy grande de ser mam\u00e1 y s\u00e9 que hay muchas maneras de lograrlo. Por ahora estoy pidi\u00e9ndole a Dios que me d\u00e9 la sabidur\u00eda para saber cu\u00e1l es el camino correcto. Necesito que me gu\u00ede por un camino en el que pueda entender lo que sea m\u00e1s apropiado para m\u00ed&#8217;.<\/p><div class=\"notic-content-middle\" id=\"notic-2837988148\"><div class=\"notic-adlabel\">Advertisements<\/div><a data-no-instant=\"1\" href=\"https:\/\/www.asegurate-bien.com\/\" rel=\"noopener\" class=\"a2t-link\" target=\"_blank\" aria-label=\"Acodese-Adaptaciones-Noticel-300&#215;600\"><img loading=\"lazy\" decoding=\"async\" src=\"https:\/\/cdn.noticel.com\/2026\/05\/30094652\/Acodese-Adaptaciones-Noticel-300x600-1.jpg\" alt=\"\"  srcset=\"https:\/\/cdn.noticel.com\/2026\/05\/30094652\/Acodese-Adaptaciones-Noticel-300x600-1.jpg 300w, https:\/\/cdn.noticel.com\/2026\/05\/30094652\/Acodese-Adaptaciones-Noticel-300x600-1-150x300.jpg 150w, https:\/\/cdn.noticel.com\/2026\/05\/30094652\/Acodese-Adaptaciones-Noticel-300x600-1-6x12.jpg 6w\" sizes=\"(max-width: 300px) 100vw, 300px\" width=\"300\" height=\"600\"   \/><\/a><\/div>\n<p>La conductora de \u2018Un nuevo d\u00eda&#8217;, que se emite por Telemundo de lunes a viernes, dijo adem\u00e1s que entre sus &#8216;opciones&#8217; figura la adopci\u00f3n. &#8216;No di a luz a mis sobrinos y a mis sobrinos nietos, y siento un amor profundo por ellos aun no habi\u00e9ndolos tenido en mi vientre. C\u00f3mo es que no voy a poder criar a un beb\u00e9 que lo necesita, y de vez, yo lo necesitar\u00eda a \u00e9l&#8217;.<\/p>\n<p>L\u00f3pez, quien le agreg\u00f3 un pr\u00f3logo a su libro en ingl\u00e9s dedicado a su fenecida madre, no tiene reparo en apoyar a su pareja sentimental a trav\u00e9s de las redes sociales aunque trabaje en otro canal de televisi\u00f3n (Univisi\u00f3n por \u2018Mira qui\u00e9n baila&#8217;). &#8216;Lo apoyo y lo hago abiertamente cada vez que puedo en las redes sociales. De la misma manera lo hice con Manny Manuel y con Johnny Lozada. Con la que me qued\u00e9 corta fue con Yolandita Monge porque todo fue muy de prisa y nunca pens\u00e9 que saldr\u00eda de la competencia&#8217;, opin\u00f3.<\/p>\n<p>Adamari opt\u00f3 por lanzar \u2018Viviendo&#8217; en ingl\u00e9s y en formato digital debido a la demanda de los latinos que viven en Estados Unidos. &#8216;Nada de esto tuvo que ver con lucro personal, porque no tengo una obra como \u2018Harry Potter&#8217; o \u2018Fifty Shades of Grey&#8217;, ni han hecho pel\u00edculas de mi historia. No he ganado millones de d\u00f3lares como para decir que tengo el futuro asegurado y no tengo que trabajar m\u00e1s, al contrario tengo que seguir luchando por lo que quiero con mucho trabajo. La mayor motivaci\u00f3n para todo esto fue compartir un poquito de mi vida y servir de apoyo a los sobrevivientes de c\u00e1ncer&#8217;.<\/p>","protected":false},"excerpt":{"rendered":"<p>Adamari L\u00f3pez no piensa en matrimonio con su pareja de dos a\u00f1os, el bailar\u00edn y core\u00f3grafo, Toni Costa. &#8216;No le tengo miedo al matrimonio, solo que eso no es algo que est\u00e1 en mis planes. No siento la necesidad de casarme, pero s\u00ed creo en una relaci\u00f3n con pareja para toda la vida&#8217;, se\u00f1al\u00f3 la [&hellip;]<\/p>","protected":false},"author":0,"featured_media":0,"comment_status":"closed","ping_status":"closed","sticky":false,"template":"","format":"standard","meta":{"_acf_changed":false,"_monsterinsights_skip_tracking":false,"ep_exclude_from_search":false,"footnotes":""},"categories":[69],"tags":[],"class_list":["post-124043","post","type-post","status-publish","format-standard","hentry","category-vida-y-bienestar"],"acf":[],"aioseo_notices":[],"_links":{"self":[{"href":"https:\/\/noticel.com\/en\/wp-json\/wp\/v2\/posts\/124043","targetHints":{"allow":["GET"]}}],"collection":[{"href":"https:\/\/noticel.com\/en\/wp-json\/wp\/v2\/posts"}],"about":[{"href":"https:\/\/noticel.com\/en\/wp-json\/wp\/v2\/types\/post"}],"replies":[{"embeddable":true,"href":"https:\/\/noticel.com\/en\/wp-json\/wp\/v2\/comments?post=124043"}],"version-history":[{"count":1,"href":"https:\/\/noticel.com\/en\/wp-json\/wp\/v2\/posts\/124043\/revisions"}],"predecessor-version":[{"id":516013,"href":"https:\/\/noticel.com\/en\/wp-json\/wp\/v2\/posts\/124043\/revisions\/516013"}],"wp:attachment":[{"href":"https:\/\/noticel.com\/en\/wp-json\/wp\/v2\/media?parent=124043"}],"wp:term":[{"taxonomy":"category","embeddable":true,"href":"https:\/\/noticel.com\/en\/wp-json\/wp\/v2\/categories?post=124043"},{"taxonomy":"post_tag","embeddable":true,"href":"https:\/\/noticel.com\/en\/wp-json\/wp\/v2\/tags?post=124043"}],"curies":[{"name":"wp","href":"https:\/\/api.w.org\/{rel}","templated":true}]}}