{"id":123817,"date":"2012-12-17T18:18:01","date_gmt":"2012-12-17T22:18:01","guid":{"rendered":"http:\/\/www.noticel.com\/vida\/20121217\/los-450-jovenes-mas-influyentes-segun-forbes\/"},"modified":"2025-08-24T16:49:27","modified_gmt":"2025-08-24T16:49:27","slug":"los-450-jovenes-mas-influyentes-segun-forbes","status":"publish","type":"post","link":"https:\/\/noticel.com\/en\/vida-y-bienestar\/20121217\/los-450-jovenes-mas-influyentes-segun-forbes\/","title":{"rendered":"Los 450 j\u00f3venes m\u00e1s influyentes, seg\u00fan Forbes"},"content":{"rendered":"<p>La revista Forbes public\u00f3 hoy su lista de los 450 j\u00f3venes menores de 30 a\u00f1os m\u00e1s influyentes, elegidos porque marcan, y seguir\u00e1n haciendolo en los pr\u00f3ximos a\u00f1os, quince campos como educaci\u00f3n, finanzas, mercadotecnia, tecnolog\u00eda, artes o deporte.<\/p>\n<p>En la lista, que no es una clasificaci\u00f3n, destaca Rachel Hoat (28 a\u00f1os), la primera jefa digital de la alcald\u00eda de Nueva York, que ha conseguido disparar la presencia municipal en la red y llegar a m\u00e1s de seis millones de visitantes al mes.<\/p>\n<p>Esta dimensi\u00f3n es vital en situaciones de emergencia como el hurac\u00e1n &#8216;Sandy&#8217;, pues ayuda a que todos los habitantes de la ciudad puedan recibir mensajes y coordinaci\u00f3n al mismo tiempo.<\/p>\n<p>La revista ha seleccionado a treinta personajes destacados en cada uno de los quince campos.<\/p>\n<p>En total, aparecen en el listado 450 j\u00f3venes que representan &#8216;la mejor energ\u00eda creativa, intelectual y emprendedora de toda una generaci\u00f3n&#8217;, seg\u00fan Michael Noer, director de la prestigiosa publicaci\u00f3n.<\/p><div class=\"notic-content-middle\" id=\"notic-1949111261\"><div class=\"notic-adlabel\">Advertisements<\/div><a data-no-instant=\"1\" href=\"https:\/\/www.asegurate-bien.com\/\" rel=\"noopener\" class=\"a2t-link\" target=\"_blank\" aria-label=\"Acodese-Adaptaciones-Noticel-300&#215;600\"><img loading=\"lazy\" decoding=\"async\" src=\"https:\/\/cdn.noticel.com\/2026\/05\/30094652\/Acodese-Adaptaciones-Noticel-300x600-1.jpg\" alt=\"\"  srcset=\"https:\/\/cdn.noticel.com\/2026\/05\/30094652\/Acodese-Adaptaciones-Noticel-300x600-1.jpg 300w, https:\/\/cdn.noticel.com\/2026\/05\/30094652\/Acodese-Adaptaciones-Noticel-300x600-1-150x300.jpg 150w, https:\/\/cdn.noticel.com\/2026\/05\/30094652\/Acodese-Adaptaciones-Noticel-300x600-1-6x12.jpg 6w\" sizes=\"(max-width: 300px) 100vw, 300px\" width=\"300\" height=\"600\"   \/><\/a><\/div>\n<p>Algunos de los personajes que aparecen en el listado como Mark Zuckerberg (28), cofundador y director ejecutivo de Facebook, o las gemelas Mary Kate Y Ashley Olsen (26) ex actrices reconvertidas en dise\u00f1adoras de moda ya forman parte de la cultura popular.<\/p>\n<p>Sin embargo, otros como Josh Sommer(24), fundador de la fundaci\u00f3n Chordoma; Kim Swift (29), creador del videojuego Portal o Jeremy Johnson (28), fundador del sistema de educaci\u00f3n en la red 2U, son desconocidos para el gran p\u00fablico.<\/p>\n<p>Igual ocurre con Carly Cushnie (28), fundadora de Cushnie et Ochs, una firma de moda especializada en trajes de noche que en ocasiones luce la primera dama de Estados Unidos, Michelle Obama.<\/p>\n<p>La selecci\u00f3n se ha hecho con la colaboraci\u00f3n de diversos expertos de los distintos sectores.<\/p>\n<p>Stacey Snider, director ejecutivo de los estudios de cine Dreamworks, y Nathan Paul Myhrvold, fundador de Intellectual Ventures y antiguo jefe de tecnolog\u00eda de Microsoft, figuran entre el elenco de especialistas que han puesto sus conocimientos al servicio de la selecci\u00f3n.<\/p>","protected":false},"excerpt":{"rendered":"<p>La revista Forbes public\u00f3 hoy su lista de los 450 j\u00f3venes menores de 30 a\u00f1os m\u00e1s influyentes, elegidos porque marcan, y seguir\u00e1n haciendolo en los pr\u00f3ximos a\u00f1os, quince campos como educaci\u00f3n, finanzas, mercadotecnia, tecnolog\u00eda, artes o deporte. En la lista, que no es una clasificaci\u00f3n, destaca Rachel Hoat (28 a\u00f1os), la primera jefa digital de [&hellip;]<\/p>","protected":false},"author":0,"featured_media":906357,"comment_status":"closed","ping_status":"closed","sticky":false,"template":"","format":"standard","meta":{"_acf_changed":false,"_monsterinsights_skip_tracking":false,"ep_exclude_from_search":false,"footnotes":""},"categories":[69],"tags":[],"class_list":["post-123817","post","type-post","status-publish","format-standard","has-post-thumbnail","hentry","category-vida-y-bienestar"],"acf":[],"aioseo_notices":[],"_links":{"self":[{"href":"https:\/\/noticel.com\/en\/wp-json\/wp\/v2\/posts\/123817","targetHints":{"allow":["GET"]}}],"collection":[{"href":"https:\/\/noticel.com\/en\/wp-json\/wp\/v2\/posts"}],"about":[{"href":"https:\/\/noticel.com\/en\/wp-json\/wp\/v2\/types\/post"}],"replies":[{"embeddable":true,"href":"https:\/\/noticel.com\/en\/wp-json\/wp\/v2\/comments?post=123817"}],"version-history":[{"count":1,"href":"https:\/\/noticel.com\/en\/wp-json\/wp\/v2\/posts\/123817\/revisions"}],"predecessor-version":[{"id":906382,"href":"https:\/\/noticel.com\/en\/wp-json\/wp\/v2\/posts\/123817\/revisions\/906382"}],"wp:featuredmedia":[{"embeddable":true,"href":"https:\/\/noticel.com\/en\/wp-json\/wp\/v2\/media\/906357"}],"wp:attachment":[{"href":"https:\/\/noticel.com\/en\/wp-json\/wp\/v2\/media?parent=123817"}],"wp:term":[{"taxonomy":"category","embeddable":true,"href":"https:\/\/noticel.com\/en\/wp-json\/wp\/v2\/categories?post=123817"},{"taxonomy":"post_tag","embeddable":true,"href":"https:\/\/noticel.com\/en\/wp-json\/wp\/v2\/tags?post=123817"}],"curies":[{"name":"wp","href":"https:\/\/api.w.org\/{rel}","templated":true}]}}