{"id":123313,"date":"2014-01-23T14:21:20","date_gmt":"2014-01-23T18:21:20","guid":{"rendered":"https:\/\/www.noticel.com\/la-calle\/20140123\/accidente-de-auto-con-heridos-en-canovanas\/"},"modified":"2025-08-21T11:30:56","modified_gmt":"2025-08-21T11:30:56","slug":"accidente-de-auto-con-heridos-en-canovanas","status":"publish","type":"post","link":"https:\/\/noticel.com\/en\/noticias\/la-calle\/20140123\/accidente-de-auto-con-heridos-en-canovanas\/","title":{"rendered":"Accidente de auto con heridos en Can\u00f3vanas"},"content":{"rendered":"<p>Agentes del distrito de Can\u00f3vanas, se encuentran investigando un accidente de auto con heridos leves, hechos ocurridos a las 1:20 de la tarde del jueves, en la carretera PR-874 en direcci\u00f3n de Can\u00f3vanas hacia Carolina, cerca de la antigua pista de carros.<\/p>\n<p>Seg\u00fan la uniformada, personal de Emergencias M\u00e9dicas Estatal (EME) se encuentra en el lugar asistiendo a los heridos.<\/p><div class=\"notic-content-middle\" id=\"notic-678055431\"><div class=\"notic-adlabel\">Advertisements<\/div><a data-no-instant=\"1\" href=\"https:\/\/qrco.de\/bgxd5v\" rel=\"noopener\" class=\"a2t-link\" target=\"_blank\" aria-label=\"DisplayAd-728&#215;90\"><img loading=\"lazy\" decoding=\"async\" src=\"https:\/\/cdn.noticel.com\/2026\/09\/02195051\/DisplayAd-728x90-1.jpg\" alt=\"\"  srcset=\"https:\/\/cdn.noticel.com\/2026\/09\/02195051\/DisplayAd-728x90-1.jpg 728w, https:\/\/cdn.noticel.com\/2026\/09\/02195051\/DisplayAd-728x90-1-300x37.jpg 300w, https:\/\/cdn.noticel.com\/2026\/09\/02195051\/DisplayAd-728x90-1-18x2.jpg 18w\" sizes=\"(max-width: 728px) 100vw, 728px\" width=\"728\" height=\"90\"   \/><\/a><\/div>\n<p>Informaron adem\u00e1s, que en dicho accidente hay derrame de aceite y se le dio conocimiento a Manejo de Emergencias para las labores de limpieza.<\/p>","protected":false},"excerpt":{"rendered":"<p>Agentes del distrito de Can\u00f3vanas, se encuentran investigando un accidente de auto con heridos leves, hechos ocurridos a las 1:20 de la tarde del jueves, en la carretera PR-874 en direcci\u00f3n de Can\u00f3vanas hacia Carolina, cerca de la antigua pista de carros. Seg\u00fan la uniformada, personal de Emergencias M\u00e9dicas Estatal (EME) se encuentra en el [&hellip;]<\/p>","protected":false},"author":0,"featured_media":886246,"comment_status":"closed","ping_status":"closed","sticky":false,"template":"","format":"standard","meta":{"_acf_changed":false,"_monsterinsights_skip_tracking":false,"ep_exclude_from_search":false,"footnotes":""},"categories":[12],"tags":[],"class_list":["post-123313","post","type-post","status-publish","format-standard","has-post-thumbnail","hentry","category-la-calle"],"acf":[],"aioseo_notices":[],"_links":{"self":[{"href":"https:\/\/noticel.com\/en\/wp-json\/wp\/v2\/posts\/123313","targetHints":{"allow":["GET"]}}],"collection":[{"href":"https:\/\/noticel.com\/en\/wp-json\/wp\/v2\/posts"}],"about":[{"href":"https:\/\/noticel.com\/en\/wp-json\/wp\/v2\/types\/post"}],"replies":[{"embeddable":true,"href":"https:\/\/noticel.com\/en\/wp-json\/wp\/v2\/comments?post=123313"}],"version-history":[{"count":1,"href":"https:\/\/noticel.com\/en\/wp-json\/wp\/v2\/posts\/123313\/revisions"}],"predecessor-version":[{"id":886285,"href":"https:\/\/noticel.com\/en\/wp-json\/wp\/v2\/posts\/123313\/revisions\/886285"}],"wp:featuredmedia":[{"embeddable":true,"href":"https:\/\/noticel.com\/en\/wp-json\/wp\/v2\/media\/886246"}],"wp:attachment":[{"href":"https:\/\/noticel.com\/en\/wp-json\/wp\/v2\/media?parent=123313"}],"wp:term":[{"taxonomy":"category","embeddable":true,"href":"https:\/\/noticel.com\/en\/wp-json\/wp\/v2\/categories?post=123313"},{"taxonomy":"post_tag","embeddable":true,"href":"https:\/\/noticel.com\/en\/wp-json\/wp\/v2\/tags?post=123313"}],"curies":[{"name":"wp","href":"https:\/\/api.w.org\/{rel}","templated":true}]}}