{"id":123271,"date":"2014-04-02T09:50:04","date_gmt":"2014-04-02T13:50:04","guid":{"rendered":"https:\/\/www.noticel.com\/la-calle\/20140402\/a-prision-por-22-bolsitas-de-marihuana\/"},"modified":"2025-08-19T09:52:11","modified_gmt":"2025-08-19T09:52:11","slug":"a-prision-por-22-bolsitas-de-marihuana","status":"publish","type":"post","link":"https:\/\/noticel.com\/en\/noticias\/la-calle\/20140402\/a-prision-por-22-bolsitas-de-marihuana\/","title":{"rendered":"A prisi\u00f3n por 22 bolsitas de marihuana"},"content":{"rendered":"<p>Un individuo fue enviado a la prisi\u00f3n luego que agentes de la Divisi\u00f3n Drogas, Narc\u00f3ticos, Control Vicios y Armas Ilegales de Carolina le sometieran cargos por sustancias controladas por hechos ocurridos en el callej\u00f3n Ortiz, Barrio Sabana Abajo en Carolina.<\/p>\n<p>De acuerdo con el parte policiaco, el arrestado fue identificado como Kevin M\u00e9ndez B\u00e1ez de 21 a\u00f1os y residente en Carolina, a quien le ocuparon 22 bolsitas de marihuana.<\/p><div class=\"notic-content-middle\" id=\"notic-357206265\"><div class=\"notic-adlabel\">Advertisements<\/div><a data-no-instant=\"1\" href=\"https:\/\/www.cst.pr.gov\/\" rel=\"noopener\" class=\"a2t-link\" target=\"_blank\" aria-label=\"970&#215;90\"><img loading=\"lazy\" decoding=\"async\" src=\"https:\/\/cdn.noticel.com\/2026\/09\/02204026\/970x90-1.jpg\" alt=\"\"  srcset=\"https:\/\/cdn.noticel.com\/2026\/09\/02204026\/970x90-1.jpg 970w, https:\/\/cdn.noticel.com\/2026\/09\/02204026\/970x90-1-300x28.jpg 300w, https:\/\/cdn.noticel.com\/2026\/09\/02204026\/970x90-1-768x71.jpg 768w, https:\/\/cdn.noticel.com\/2026\/09\/02204026\/970x90-1-18x2.jpg 18w\" sizes=\"(max-width: 970px) 100vw, 970px\" width=\"970\" height=\"90\"   \/><\/a><\/div>\n<p>La Polic\u00eda detall\u00f3 que la fiscal Ileana Agudo de la Fiscal\u00eda de Carolina instruy\u00f3 radicar cargos por violaci\u00f3n a la Ley de Sustancias Controladas. El juez Carlos Qui\u00f1ones Capacetti, del Tribunal de R\u00edo Grande, determin\u00f3 causa para arresto y le impuso una fianza de 15,000 d\u00f3lares. El individuo fue ingresado en la C\u00e1rcel Regional de Bayam\u00f3n.<\/p>\n<p>El agente Wigberto Avil\u00e9s de la Divisi\u00f3n Drogas, Narc\u00f3ticos, Control Vicios y Armas Ilegales de Carolina, investig\u00f3 este caso.<\/p>","protected":false},"excerpt":{"rendered":"<p>Un individuo fue enviado a la prisi\u00f3n luego que agentes de la Divisi\u00f3n Drogas, Narc\u00f3ticos, Control Vicios y Armas Ilegales de Carolina le sometieran cargos por sustancias controladas por hechos ocurridos en el callej\u00f3n Ortiz, Barrio Sabana Abajo en Carolina. De acuerdo con el parte policiaco, el arrestado fue identificado como Kevin M\u00e9ndez B\u00e1ez de [&hellip;]<\/p>","protected":false},"author":0,"featured_media":0,"comment_status":"closed","ping_status":"closed","sticky":false,"template":"","format":"standard","meta":{"_acf_changed":false,"_monsterinsights_skip_tracking":false,"ep_exclude_from_search":false,"footnotes":""},"categories":[12],"tags":[],"class_list":["post-123271","post","type-post","status-publish","format-standard","hentry","category-la-calle"],"acf":[],"aioseo_notices":[],"_links":{"self":[{"href":"https:\/\/noticel.com\/en\/wp-json\/wp\/v2\/posts\/123271","targetHints":{"allow":["GET"]}}],"collection":[{"href":"https:\/\/noticel.com\/en\/wp-json\/wp\/v2\/posts"}],"about":[{"href":"https:\/\/noticel.com\/en\/wp-json\/wp\/v2\/types\/post"}],"replies":[{"embeddable":true,"href":"https:\/\/noticel.com\/en\/wp-json\/wp\/v2\/comments?post=123271"}],"version-history":[{"count":1,"href":"https:\/\/noticel.com\/en\/wp-json\/wp\/v2\/posts\/123271\/revisions"}],"predecessor-version":[{"id":872009,"href":"https:\/\/noticel.com\/en\/wp-json\/wp\/v2\/posts\/123271\/revisions\/872009"}],"wp:attachment":[{"href":"https:\/\/noticel.com\/en\/wp-json\/wp\/v2\/media?parent=123271"}],"wp:term":[{"taxonomy":"category","embeddable":true,"href":"https:\/\/noticel.com\/en\/wp-json\/wp\/v2\/categories?post=123271"},{"taxonomy":"post_tag","embeddable":true,"href":"https:\/\/noticel.com\/en\/wp-json\/wp\/v2\/tags?post=123271"}],"curies":[{"name":"wp","href":"https:\/\/api.w.org\/{rel}","templated":true}]}}