{"id":12324,"date":"2012-04-25T00:00:00","date_gmt":"2012-04-25T04:00:00","guid":{"rendered":"http:\/\/www.noticel.com\/la-calle\/20120425\/transito-pesado\/"},"modified":"2025-07-24T04:15:04","modified_gmt":"2025-07-24T04:15:04","slug":"transito-pesado","status":"publish","type":"post","link":"https:\/\/noticel.com\/en\/noticias\/la-calle\/20120425\/transito-pesado\/","title":{"rendered":"Tr\u00e1nsito pesado"},"content":{"rendered":"<p>Lento en Expreso Las Am\u00e9ricas, \u00e1rea de Plaza Las Am\u00e9ricas, en direcci\u00f3n a San Juan. Pesado en Expreso Kennedy, en direcci\u00f3n de Bayam\u00f3n a San Juan. Pesado en Carretera 177 en Guaynabo. Bastante tr\u00e1nsito en Expreso Mart\u00ednez Nadal en Guaynabo en direcci\u00f3n a San Juan. Pesado en Carretera #199 en Cupey, en direcci\u00f3n a Guaynabo.<\/p>\n<p>Lento en Expreso Baldorioty De Castro, en direcci\u00f3n de Carolina a San Juan. Pesado en Carretera #1 desde Caguas a Rio Piedras. Pesado en Carretera #30 desde Gurabo a Caguas. Pesado en Autopista Luis A. Ferr\u00e9, \u00e1rea de Caguas Norte, y Montehiedra, en direcci\u00f3n a San Juan.<\/p><div class=\"notic-content-middle\" id=\"notic-4166683652\"><div class=\"notic-adlabel\">Advertisements<\/div><a data-no-instant=\"1\" href=\"https:\/\/www.asegurate-bien.com\/\" rel=\"noopener\" class=\"a2t-link\" target=\"_blank\" aria-label=\"Acodese-Adaptaciones-Noticel-300&#215;600\"><img loading=\"lazy\" decoding=\"async\" src=\"https:\/\/cdn.noticel.com\/2026\/05\/30094652\/Acodese-Adaptaciones-Noticel-300x600-1.jpg\" alt=\"\"  srcset=\"https:\/\/cdn.noticel.com\/2026\/05\/30094652\/Acodese-Adaptaciones-Noticel-300x600-1.jpg 300w, https:\/\/cdn.noticel.com\/2026\/05\/30094652\/Acodese-Adaptaciones-Noticel-300x600-1-150x300.jpg 150w, https:\/\/cdn.noticel.com\/2026\/05\/30094652\/Acodese-Adaptaciones-Noticel-300x600-1-6x12.jpg 6w\" sizes=\"(max-width: 300px) 100vw, 300px\" width=\"300\" height=\"600\"   \/><\/a><\/div>\n<p>Pesado en Carretera #2, Carretera #165, Carretera #167 en Bayam\u00f3n. Carretera #3 en varios tramos se reportan pesados en direcci\u00f3n de Can\u00f3vanas a Carolina. Bastante tr\u00e1nsito en Ramal 8 y Ruta 66. Lento en Expreso De Diego, en direcci\u00f3n desde Vega Alta a San Juan.<\/p>\n<p>Sigue investigaci\u00f3n del accidente leve en Expresp 181 y salida Avenida Andaluc\u00eda en direcci\u00f3n al puente Teodoro Moscoso. Veh\u00edculo con desperfectos mec\u00e1nicos en Expreso De Diego, cerca de Rio Hondo en direcci\u00f3n a San Juan. Sigue el pavimento mojado en \u00c1rea Este, Sureste y algunos tramos del Noroeste de la Isla.<\/p>","protected":false},"excerpt":{"rendered":"<p>Lento en Expreso Las Am\u00e9ricas, \u00e1rea de Plaza Las Am\u00e9ricas, en direcci\u00f3n a San Juan. Pesado en Expreso Kennedy, en direcci\u00f3n de Bayam\u00f3n a San Juan. Pesado en Carretera 177 en Guaynabo. Bastante tr\u00e1nsito en Expreso Mart\u00ednez Nadal en Guaynabo en direcci\u00f3n a San Juan. Pesado en Carretera #199 en Cupey, en direcci\u00f3n a Guaynabo. [&hellip;]<\/p>","protected":false},"author":0,"featured_media":0,"comment_status":"closed","ping_status":"closed","sticky":false,"template":"","format":"standard","meta":{"_acf_changed":false,"_monsterinsights_skip_tracking":false,"ep_exclude_from_search":false,"footnotes":""},"categories":[12],"tags":[],"class_list":["post-12324","post","type-post","status-publish","format-standard","hentry","category-la-calle"],"acf":[],"aioseo_notices":[],"_links":{"self":[{"href":"https:\/\/noticel.com\/en\/wp-json\/wp\/v2\/posts\/12324","targetHints":{"allow":["GET"]}}],"collection":[{"href":"https:\/\/noticel.com\/en\/wp-json\/wp\/v2\/posts"}],"about":[{"href":"https:\/\/noticel.com\/en\/wp-json\/wp\/v2\/types\/post"}],"replies":[{"embeddable":true,"href":"https:\/\/noticel.com\/en\/wp-json\/wp\/v2\/comments?post=12324"}],"version-history":[{"count":1,"href":"https:\/\/noticel.com\/en\/wp-json\/wp\/v2\/posts\/12324\/revisions"}],"predecessor-version":[{"id":568040,"href":"https:\/\/noticel.com\/en\/wp-json\/wp\/v2\/posts\/12324\/revisions\/568040"}],"wp:attachment":[{"href":"https:\/\/noticel.com\/en\/wp-json\/wp\/v2\/media?parent=12324"}],"wp:term":[{"taxonomy":"category","embeddable":true,"href":"https:\/\/noticel.com\/en\/wp-json\/wp\/v2\/categories?post=12324"},{"taxonomy":"post_tag","embeddable":true,"href":"https:\/\/noticel.com\/en\/wp-json\/wp\/v2\/tags?post=12324"}],"curies":[{"name":"wp","href":"https:\/\/api.w.org\/{rel}","templated":true}]}}