{"id":123147,"date":"2014-10-03T20:44:39","date_gmt":"2014-10-04T00:44:39","guid":{"rendered":"https:\/\/www.noticel.com\/deportes\/20141003\/mundial-de-gimnasia-en-compas-de-espera\/"},"modified":"2025-07-18T09:29:59","modified_gmt":"2025-07-18T09:29:59","slug":"mundial-de-gimnasia-en-compas-de-espera","status":"publish","type":"post","link":"https:\/\/noticel.com\/en\/deportes\/20141003\/mundial-de-gimnasia-en-compas-de-espera\/","title":{"rendered":"Mundial de gimnasia: en comp\u00e1s de espera"},"content":{"rendered":"<p>El equipo nacional de gimnasia art\u00edstica masculina compiti\u00f3 durante la madrugada de hoy viernes, en el Campeonato Mundial de Gimnasia Art\u00edstica que se celebra en el Guangxi Sport Center Gymnasium en la ciudad de Nanjing, China, pero su clasificaci\u00f3n ol\u00edmpica a\u00fan es incierta.<\/p>\n<p>El seleccionado confront\u00f3 problemas en la ejecuci\u00f3n de un aparato, para llevarlos a una tensa espera hasta ma\u00f1ana, s\u00e1bado, cuando se sabr\u00e1 finalmente si clasifican entre los primeros 24 equipos que seguir\u00e1n buscando su pase a los Juegos Ol\u00edmpicos de R\u00edo 2016 el pr\u00f3ximo a\u00f1o.<\/p>\n<p>Hasta el momento, los gimnastas patrios est\u00e1n en la d\u00e9cima posici\u00f3n con puntuaci\u00f3n de 330.657 de 19 equipos que hab\u00edan completado su rotaci\u00f3n en el primer grupo asignado. En la ronda final para hoy, viernes, est\u00e1n Portugal, Inglaterra, Colombia, Polonia e Irlanda, para cerrar el d\u00eda de competencia con 28 equipos.<\/p>\n<p>&#8216;Empezamos en (caballo con) arzones y no nos fue bien. Luego no fallamos m\u00e1s y sacamos 330 (.067)&#8217;, expres\u00f3 Jos\u00e9 &#8216;Cano&#8217; Col\u00f3n, entrenador nacional desde Nanjing. &#8216;Espero estar (clasificado). Est\u00e1 apretado. Pero, tengo fe. Todo depende de ma\u00f1ana (s\u00e1bado)&#8217;.<\/p>\n<p>Los boricuas Alexander Rodr\u00edguez, Luis Rivera, Rafael Morales, Alexis Torres, Tristian P\u00e9rez y Tommy Ramos, arrancaron la acci\u00f3n en caballo con arzones, fallando todos en su rutina para acumular 50.032 puntos. Su curso sigui\u00f3 con anillas (56.132), salto de caballo (57.882), barras paralelas (54.381), barra fija (53.985) y el piso (58.265) sin confrontar problemas.<\/p><div class=\"notic-content-middle\" id=\"notic-46815599\"><div class=\"notic-adlabel\">Advertisements<\/div><a data-no-instant=\"1\" href=\"https:\/\/www.asegurate-bien.com\/\" rel=\"noopener\" class=\"a2t-link\" target=\"_blank\" aria-label=\"Acodese-Adaptaciones-Noticel-300&#215;250\"><img loading=\"lazy\" decoding=\"async\" src=\"https:\/\/cdn.noticel.com\/2026\/05\/30094423\/Acodese-Adaptaciones-Noticel-300x250-1.jpg\" alt=\"\"  srcset=\"https:\/\/cdn.noticel.com\/2026\/05\/30094423\/Acodese-Adaptaciones-Noticel-300x250-1.jpg 300w, https:\/\/cdn.noticel.com\/2026\/05\/30094423\/Acodese-Adaptaciones-Noticel-300x250-1-14x12.jpg 14w\" sizes=\"(max-width: 300px) 100vw, 300px\" width=\"300\" height=\"250\"   \/><\/a><\/div>\n<p>En la rotaci\u00f3n de este s\u00e1bado est\u00e1n programados otros 26 equipos masculinos donde competir\u00e1n las potencias de Estados Unidos y Jap\u00f3n. En total son 60 equipos, 54 masculinos, y seis mixtos que no est\u00e1n corriendo en la clasificaci\u00f3n ol\u00edmpica.<\/p>\n<p>De Puerto Rico clasificar, continuar\u00e1 con la realizaci\u00f3n de su sue\u00f1o ol\u00edmpico por equipos en el 2015, en la celebraci\u00f3n del Campeonato del Mundo en Inglaterra. En este evento solo pasar\u00e1n directamente a R\u00edo 2016 los mejores ocho equipos. Una segunda oportunidad existir\u00e1 el a\u00f1o de los Juegos Ol\u00edmpicos, donde solo cuatro pa\u00edses podr\u00e1n clasificar entre todos aquellos equipos que no pasaron en la segunda ronda.<\/p>\n<p>La Isla ha tenido representaci\u00f3n ol\u00edmpica en la fase individual en los pasados tres ciclos ol\u00edmpicos con Luis &#8216;Tingui&#8217; Vargas y Luis Rivera en todo evento, y Tommy Ramos en anillas.<\/p>\n<p>El equipo masculino de gimnasia art\u00edstica estar\u00e1 llegando a la Isla el viernes, 10 de octubre donde permanecer\u00e1n hasta su partida para los XXII Juegos Centroamericanos y del Caribe Veracruz 2014, acuartelados en la cancha Manuel Carrasquillo Herpen en Carolina.<\/p>","protected":false},"excerpt":{"rendered":"<p>El equipo nacional de gimnasia art\u00edstica masculina compiti\u00f3 durante la madrugada de hoy viernes, en el Campeonato Mundial de Gimnasia Art\u00edstica que se celebra en el Guangxi Sport Center Gymnasium en la ciudad de Nanjing, China, pero su clasificaci\u00f3n ol\u00edmpica a\u00fan es incierta. El seleccionado confront\u00f3 problemas en la ejecuci\u00f3n de un aparato, para llevarlos [&hellip;]<\/p>","protected":false},"author":0,"featured_media":507971,"comment_status":"closed","ping_status":"closed","sticky":false,"template":"","format":"standard","meta":{"_acf_changed":false,"_monsterinsights_skip_tracking":false,"ep_exclude_from_search":false,"footnotes":""},"categories":[31],"tags":[],"class_list":["post-123147","post","type-post","status-publish","format-standard","has-post-thumbnail","hentry","category-deportes"],"acf":[],"aioseo_notices":[],"_links":{"self":[{"href":"https:\/\/noticel.com\/en\/wp-json\/wp\/v2\/posts\/123147","targetHints":{"allow":["GET"]}}],"collection":[{"href":"https:\/\/noticel.com\/en\/wp-json\/wp\/v2\/posts"}],"about":[{"href":"https:\/\/noticel.com\/en\/wp-json\/wp\/v2\/types\/post"}],"replies":[{"embeddable":true,"href":"https:\/\/noticel.com\/en\/wp-json\/wp\/v2\/comments?post=123147"}],"version-history":[{"count":1,"href":"https:\/\/noticel.com\/en\/wp-json\/wp\/v2\/posts\/123147\/revisions"}],"predecessor-version":[{"id":507974,"href":"https:\/\/noticel.com\/en\/wp-json\/wp\/v2\/posts\/123147\/revisions\/507974"}],"wp:featuredmedia":[{"embeddable":true,"href":"https:\/\/noticel.com\/en\/wp-json\/wp\/v2\/media\/507971"}],"wp:attachment":[{"href":"https:\/\/noticel.com\/en\/wp-json\/wp\/v2\/media?parent=123147"}],"wp:term":[{"taxonomy":"category","embeddable":true,"href":"https:\/\/noticel.com\/en\/wp-json\/wp\/v2\/categories?post=123147"},{"taxonomy":"post_tag","embeddable":true,"href":"https:\/\/noticel.com\/en\/wp-json\/wp\/v2\/tags?post=123147"}],"curies":[{"name":"wp","href":"https:\/\/api.w.org\/{rel}","templated":true}]}}